{"id":3857,"date":"2009-09-30T12:20:00","date_gmt":"2009-09-30T12:20:00","guid":{"rendered":"http:\/\/localhost:81\/wp1\/?p=3857"},"modified":"2009-09-30T12:20:00","modified_gmt":"2009-09-30T12:20:00","slug":"move-aveiro-com-novos-autocarros-e-servicos","status":"publish","type":"post","link":"https:\/\/sites.ecclesia.pt\/cv\/move-aveiro-com-novos-autocarros-e-servicos\/","title":{"rendered":"Move Aveiro com novos autocarros e servi\u00e7os"},"content":{"rendered":"<p>Breve <!--more--> Em Aveiro, no Dia Europeu Sem Carros entrou em fun\u00e7\u00f5es um Mini Bus, com 14 lugares sentados e quatro lugares para cadeiras de rodas, a que se juntar\u00e1 um segundo, em Outubro, num novo servi\u00e7o da MoveAveiro \u2013 Empresa Municipal de Mobilidade.<\/p>\n<p>No dia 22 de Setembro, tamb\u00e9m foi apresentado o sistema de Integra\u00e7\u00e3o de Bilh\u00e9tica, que congregar\u00e1 os servi\u00e7os de autocarro, fluviais e de BUGA (bicicleta de utiliza\u00e7\u00e3o gratuita), permitindo andar em todos esses transportes com um \u00fanico passe.<\/p>\n","protected":false},"excerpt":{"rendered":"<p>Breve<\/p>\n","protected":false},"author":1,"featured_media":0,"comment_status":"open","ping_status":"open","sticky":false,"template":"","format":"standard","meta":{"footnotes":""},"categories":[45],"tags":[],"class_list":["post-3857","post","type-post","status-publish","format-standard","hentry","category-regioes"],"_links":{"self":[{"href":"https:\/\/sites.ecclesia.pt\/cv\/wp-json\/wp\/v2\/posts\/3857","targetHints":{"allow":["GET"]}}],"collection":[{"href":"https:\/\/sites.ecclesia.pt\/cv\/wp-json\/wp\/v2\/posts"}],"about":[{"href":"https:\/\/sites.ecclesia.pt\/cv\/wp-json\/wp\/v2\/types\/post"}],"author":[{"embeddable":true,"href":"https:\/\/sites.ecclesia.pt\/cv\/wp-json\/wp\/v2\/users\/1"}],"replies":[{"embeddable":true,"href":"https:\/\/sites.ecclesia.pt\/cv\/wp-json\/wp\/v2\/comments?post=3857"}],"version-history":[{"count":0,"href":"https:\/\/sites.ecclesia.pt\/cv\/wp-json\/wp\/v2\/posts\/3857\/revisions"}],"wp:attachment":[{"href":"https:\/\/sites.ecclesia.pt\/cv\/wp-json\/wp\/v2\/media?parent=3857"}],"wp:term":[{"taxonomy":"category","embeddable":true,"href":"https:\/\/sites.ecclesia.pt\/cv\/wp-json\/wp\/v2\/categories?post=3857"},{"taxonomy":"post_tag","embeddable":true,"href":"https:\/\/sites.ecclesia.pt\/cv\/wp-json\/wp\/v2\/tags?post=3857"}],"curies":[{"name":"wp","href":"https:\/\/api.w.org\/{rel}","templated":true}]}}