{"id":3858,"date":"2009-09-30T12:21:00","date_gmt":"2009-09-30T12:21:00","guid":{"rendered":"http:\/\/localhost:81\/wp1\/?p=3858"},"modified":"2009-09-30T12:21:00","modified_gmt":"2009-09-30T12:21:00","slug":"museu-de-aveiro","status":"publish","type":"post","link":"https:\/\/sites.ecclesia.pt\/cv\/museu-de-aveiro\/","title":{"rendered":"Museu de Aveiro"},"content":{"rendered":"<p>Maravilhas de Aveiro <!--more--> O edif\u00edcio do antigo Convento de Jesus, que acolhe no seu seio \u201cj\u00f3ias\u201d arquitect\u00f3nicas e art\u00edsticas como a Igreja de Jesus e o T\u00famulo de Princesa Santa Joana, para al\u00e9m de albergar o renovado Museu de Aveiro, \u00e9 uma das sete maravilhas de Aveiro.<\/p>\n<p>Este im\u00f3vel est\u00e1 classificado como monumento nacional.<\/p>\n<p>C.F.<\/p>\n","protected":false},"excerpt":{"rendered":"<p>Maravilhas de Aveiro<\/p>\n","protected":false},"author":1,"featured_media":0,"comment_status":"open","ping_status":"open","sticky":false,"template":"","format":"standard","meta":{"footnotes":""},"categories":[45],"tags":[],"class_list":["post-3858","post","type-post","status-publish","format-standard","hentry","category-regioes"],"_links":{"self":[{"href":"https:\/\/sites.ecclesia.pt\/cv\/wp-json\/wp\/v2\/posts\/3858","targetHints":{"allow":["GET"]}}],"collection":[{"href":"https:\/\/sites.ecclesia.pt\/cv\/wp-json\/wp\/v2\/posts"}],"about":[{"href":"https:\/\/sites.ecclesia.pt\/cv\/wp-json\/wp\/v2\/types\/post"}],"author":[{"embeddable":true,"href":"https:\/\/sites.ecclesia.pt\/cv\/wp-json\/wp\/v2\/users\/1"}],"replies":[{"embeddable":true,"href":"https:\/\/sites.ecclesia.pt\/cv\/wp-json\/wp\/v2\/comments?post=3858"}],"version-history":[{"count":0,"href":"https:\/\/sites.ecclesia.pt\/cv\/wp-json\/wp\/v2\/posts\/3858\/revisions"}],"wp:attachment":[{"href":"https:\/\/sites.ecclesia.pt\/cv\/wp-json\/wp\/v2\/media?parent=3858"}],"wp:term":[{"taxonomy":"category","embeddable":true,"href":"https:\/\/sites.ecclesia.pt\/cv\/wp-json\/wp\/v2\/categories?post=3858"},{"taxonomy":"post_tag","embeddable":true,"href":"https:\/\/sites.ecclesia.pt\/cv\/wp-json\/wp\/v2\/tags?post=3858"}],"curies":[{"name":"wp","href":"https:\/\/api.w.org\/{rel}","templated":true}]}}