{"id":3859,"date":"2009-09-30T12:27:00","date_gmt":"2009-09-30T12:27:00","guid":{"rendered":"http:\/\/localhost:81\/wp1\/?p=3859"},"modified":"2009-09-30T12:27:00","modified_gmt":"2009-09-30T12:27:00","slug":"ua-pode-vir-a-ser-avaliada-por-entidade-externa","status":"publish","type":"post","link":"https:\/\/sites.ecclesia.pt\/cv\/ua-pode-vir-a-ser-avaliada-por-entidade-externa\/","title":{"rendered":"UA pode vir a ser avaliada por entidade externa"},"content":{"rendered":"<p>A Universidade de Aveiro (UA) abriu oficialmente as suas portas a perto de 2000 novos alunos. Helena Nazar\u00e9, reitora, tenciona sujeitar a UA a uma avalia\u00e7\u00e3o externa<\/p>\n<p>A reitora, Helena Nazar\u00e9, no seu discurso sublinhou a import\u00e2ncia da Universidade de Aveiro no panorama nacional, nas suas v\u00e1rias dimens\u00f5es mas, em especial, no regime de funda\u00e7\u00e3o p\u00fablica de regime privado. Real\u00e7ou todas as polival\u00eancias da institui\u00e7\u00e3o mostrando-se mesmo disposta a sujeitar a UA a uma avalia\u00e7\u00e3o externa dos seus processos, procedimentos e da qualidade dos recursos que mobiliza. \u201c\u00c9 ainda not\u00e1vel que a Universidade de Aveiro, na primeira fase do concurso nacional de acesso tenha preenchido 99% das vagas oferecidas nos cursos universit\u00e1rios e 90% das vagas nas escolas polit\u00e9cnicas,\u201d destacou a Reitora. Estava assim provado que a oferta da UA se tem vindo a adequar \u00e0 procura para que possam estar ao n\u00edvel de qualidade dos alunos que se candidatam. Helena Nazar\u00e9 sublinhou ainda o \u201cprograma de f\u00e1cil e r\u00e1pida integra\u00e7\u00e3o, com formato diferente para as actividades de acolhimento, onde se envolveu toda a comunidade\u201d.<\/p>\n<p>No final da sua interven\u00e7\u00e3o a reitora da Universidade de Aveiro informou os presentes que o audit\u00f3rio do Departamento de Ambiente fora cedido para uma ac\u00e7\u00e3o de campanha do Bloco de Esquerda (entretanto realizada), acto que a Universidade de Aveiro ao fim de 35 anos de exist\u00eancia n\u00e3o p\u00f4de recusar, sendo mesmo obrigada a faz\u00ea-lo pela Comiss\u00e3o Nacional de Elei\u00e7\u00f5es.<\/p>\n<p>Pensamento cr\u00edtico<\/p>\n<p>Negesse Pina, Presidente da Associa\u00e7\u00e3o Acad\u00e9mica da Universidade de Aveiro, enalteceu a Universidade de Aveiro, considerando-a a melhor do pa\u00eds. No seu discurso destacou ainda a necessidade de revis\u00e3o do Estatuto de Dirigente Associativo, \u201cuma vez que n\u00e3o se encontra adequado \u00e0 elevada carga de trabalho que o processo de Bolonha veio trazer. \u00c9 preciso um estatuto que permita ser um bom estudante e um bom dirigente estudantil\u201d, refere. <\/p>\n<p>Na sess\u00e3o solene de abertura do ano lectivo \u00e9 habitual ser proferida uma li\u00e7\u00e3o de sabedoria. Este ano coube essa honra ao professor Medeiros Ferreira, da Universidade Nova de Lisboa, que intitulou a sua interven\u00e7\u00e3o como \u201cUniversidade e a Crise do Pensamento Cr\u00edtico.\u201d \u201cEu costumo comparar o pensamento cr\u00edtico em Portugal ao conhecido Velho do Restelo. Sempre foi contrariado por v\u00e1rios factores hist\u00f3rico-pol\u00edticos, no entanto, [o pensamento cr\u00edtico] faz com que todos possam voltar a pensar e reler os verdadeiros princ\u00edpios e objectivos de uma Universidade\u201d, referiu Medeiros Ferreira. <\/p>\n<p>A sess\u00e3o teve momentos de m\u00fasica cl\u00e1ssica em piano, violino e canto pelos alunos da licenciatura e mestrado em M\u00fasica da Universidade de Aveiro. Deu-se assim um ambiente de proximidade e serenidade \u00e0 cerim\u00f3nia.<\/p>\n<p>S\u00f3nia Neves<\/p>\n<p>Em n\u00fameros<\/p>\n<p>1964 <\/p>\n<p>novos alunos<\/p>\n<p>90% <\/p>\n<p>das vagas preenchidas<\/p>\n<p>3 <\/p>\n<p>alunos distinguidos por renova\u00e7\u00e3o de m\u00e9rito (m\u00e9dia igual ou superior a 17,5 valores desde o primeiro ano)<\/p>\n<p>26 <\/p>\n<p>alunos com bolsa de estudo por m\u00e9rito (melhores m\u00e9dias de fim de curso)<\/p>\n<p>Novos presidente do Conselho Geral e provedor do estudante<\/p>\n<p>O presidente do grupo Jer\u00f3nimo Martins, Alexandre Soares dos Santos, \u00e9 o novo presidente do Conselho Geral da Universidade de Aveiro. Foi eleito no dia 25 de Setembro de entre as cinco personalidades externas que integram este \u00f3rg\u00e3o de governo da UA.<\/p>\n<p>Tamb\u00e9m o nome do provedor do estudante recolheu a unanimidade dos membros do Conselho Geral. Alexandre Cruz, que durante oito anos foi respons\u00e1vel do CUFC, vai exercer, por tr\u00eas anos, este cargo de defesa e promo\u00e7\u00e3o dos direitos e interesses leg\u00edtimos dos estudantes.<\/p>\n","protected":false},"excerpt":{"rendered":"<p>A Universidade de Aveiro (UA) abriu oficialmente as suas portas a perto de 2000 novos alunos. Helena Nazar\u00e9, reitora, tenciona sujeitar a UA a uma avalia\u00e7\u00e3o externa A reitora, Helena Nazar\u00e9, no seu discurso sublinhou a import\u00e2ncia da Universidade de Aveiro no panorama nacional, nas suas v\u00e1rias dimens\u00f5es mas, em especial, no regime de funda\u00e7\u00e3o [&hellip;]<\/p>\n","protected":false},"author":1,"featured_media":0,"comment_status":"open","ping_status":"open","sticky":false,"template":"","format":"standard","meta":{"footnotes":""},"categories":[45],"tags":[],"class_list":["post-3859","post","type-post","status-publish","format-standard","hentry","category-regioes"],"_links":{"self":[{"href":"https:\/\/sites.ecclesia.pt\/cv\/wp-json\/wp\/v2\/posts\/3859","targetHints":{"allow":["GET"]}}],"collection":[{"href":"https:\/\/sites.ecclesia.pt\/cv\/wp-json\/wp\/v2\/posts"}],"about":[{"href":"https:\/\/sites.ecclesia.pt\/cv\/wp-json\/wp\/v2\/types\/post"}],"author":[{"embeddable":true,"href":"https:\/\/sites.ecclesia.pt\/cv\/wp-json\/wp\/v2\/users\/1"}],"replies":[{"embeddable":true,"href":"https:\/\/sites.ecclesia.pt\/cv\/wp-json\/wp\/v2\/comments?post=3859"}],"version-history":[{"count":0,"href":"https:\/\/sites.ecclesia.pt\/cv\/wp-json\/wp\/v2\/posts\/3859\/revisions"}],"wp:attachment":[{"href":"https:\/\/sites.ecclesia.pt\/cv\/wp-json\/wp\/v2\/media?parent=3859"}],"wp:term":[{"taxonomy":"category","embeddable":true,"href":"https:\/\/sites.ecclesia.pt\/cv\/wp-json\/wp\/v2\/categories?post=3859"},{"taxonomy":"post_tag","embeddable":true,"href":"https:\/\/sites.ecclesia.pt\/cv\/wp-json\/wp\/v2\/tags?post=3859"}],"curies":[{"name":"wp","href":"https:\/\/api.w.org\/{rel}","templated":true}]}}