{"id":39,"date":"2006-04-03T14:44:00","date_gmt":"2006-04-03T14:44:00","guid":{"rendered":"http:\/\/localhost:81\/wp1\/?p=39"},"modified":"2006-04-03T14:44:00","modified_gmt":"2006-04-03T14:44:00","slug":"igreja-breves","status":"publish","type":"post","link":"https:\/\/sites.ecclesia.pt\/cv\/igreja-breves\/","title":{"rendered":"Igreja Breves"},"content":{"rendered":"<p>TERESA DE CALCUT\u00c1 \u2014 De acordo com o arcebispo de Nova Deli, \u201ccom a beatifica\u00e7\u00e3o de Madre Teresa de Calcut\u00e1, a mensagem de amor e compaix\u00e3o do cristianismo chegar\u00e1 a muitas pessoas que a ignoravam e que finalmente compreender\u00e3o o que fazemos e porque fazemos\u201d.<\/p>\n<p>V\u00cdTIMAS DOS INC\u00caNDIOS  \u2014 A campanha \u201cRenascen\u00e7a-C\u00e1ritas Ajuda Portugal\u201d angariou cerca de dois milh\u00f5es de euros  destinados \u00e0s vitimas dos inc\u00eandios. A iniciativa terminar\u00e1 a 30 de Setembro e j\u00e1 foram concretizadas duas ac\u00e7\u00f5es: uma em Santar\u00e9m e outra em Portalegre.  As C\u00e1ritas Diocesanas t\u00eam apresentado alguns projectos.<\/p>\n<p>LEGADO ESPIRITUAL \u2014   O Papa Jo\u00e3o Paulo II convidou os peregrinos a elevar suas preces \u00e0 Virgem Maria para que a Uni\u00e3o Europeia n\u00e3o exclua o legado espiritual que o Evangelho significa para os povos que a enformam.<\/p>\n<p>FOME NO M\u00c9XICO \u2014 O Arcebispo do M\u00e9xico, Cardeal Norberto Rivera, convidou  a popula\u00e7\u00e3o do pa\u00eds a colaborar com o Episcopado Mexicano na campanha da Solidariedade 2003, \u201ccontra a fome e a desnutri\u00e7\u00e3o infantil no Pa\u00eds\u201d.<\/p>\n<p>ADULTO MAIS VELHO \u2014 \u201cOs adultos mais velhos t\u00eam muito a dar \u00e0 Igreja\u201d. Isso mesmo  afirmou o Arcebispo de Concei\u00e7\u00e3o, Chile,  Monsenhor Antonio Moreno, ao inaugurar h\u00e1 dias o Quinto Congresso Arquidiocesano do Adulto Mais Velho.<\/p>\n<p>VIDA HUMANA \u2014 \u201cA vida humana \u00e9 sagrada porque desde o  seu in\u00edcio comporta \u2018a ac\u00e7\u00e3o criadora de Deus\u2019 e permanece sempre numa especial rela\u00e7\u00e3o com o Criador, seu \u00fanico fim. S\u00f3 Deus \u00e9 Senhor da vida desde o seu come\u00e7o at\u00e9 ao seu t\u00e9rminos\u201d, defendem os Bispos do Peru, em comunicado.<\/p>\n<p>VIOL\u00caNCIA NA \u00cdNDIA \u2014 O Cardeal Ivan Dias, Arcebispo de Bombaim, expressou a sua firme rejei\u00e7\u00e3o \u00e0 viol\u00eancia e mostrou o seu pesar pelo atentado ocorrido naquela cidade indiana. O atentado causou a morte de mais de 50 pessoas e deixou feridas 150. O Papa expressou a sua solidariedade e prometeu rezar pelas fam\u00edlias das v\u00edtimas.<\/p>\n","protected":false},"excerpt":{"rendered":"<p>TERESA DE CALCUT\u00c1 \u2014 De acordo com o arcebispo de Nova Deli, \u201ccom a beatifica\u00e7\u00e3o de Madre Teresa de Calcut\u00e1, a mensagem de amor e compaix\u00e3o do cristianismo chegar\u00e1 a muitas pessoas que a ignoravam e que finalmente compreender\u00e3o o que fazemos e porque fazemos\u201d. V\u00cdTIMAS DOS INC\u00caNDIOS \u2014 A campanha \u201cRenascen\u00e7a-C\u00e1ritas Ajuda Portugal\u201d angariou [&hellip;]<\/p>\n","protected":false},"author":1,"featured_media":0,"comment_status":"open","ping_status":"open","sticky":false,"template":"","format":"standard","meta":{"footnotes":""},"categories":[44],"tags":[],"class_list":["post-39","post","type-post","status-publish","format-standard","hentry","category-igreja"],"_links":{"self":[{"href":"https:\/\/sites.ecclesia.pt\/cv\/wp-json\/wp\/v2\/posts\/39","targetHints":{"allow":["GET"]}}],"collection":[{"href":"https:\/\/sites.ecclesia.pt\/cv\/wp-json\/wp\/v2\/posts"}],"about":[{"href":"https:\/\/sites.ecclesia.pt\/cv\/wp-json\/wp\/v2\/types\/post"}],"author":[{"embeddable":true,"href":"https:\/\/sites.ecclesia.pt\/cv\/wp-json\/wp\/v2\/users\/1"}],"replies":[{"embeddable":true,"href":"https:\/\/sites.ecclesia.pt\/cv\/wp-json\/wp\/v2\/comments?post=39"}],"version-history":[{"count":0,"href":"https:\/\/sites.ecclesia.pt\/cv\/wp-json\/wp\/v2\/posts\/39\/revisions"}],"wp:attachment":[{"href":"https:\/\/sites.ecclesia.pt\/cv\/wp-json\/wp\/v2\/media?parent=39"}],"wp:term":[{"taxonomy":"category","embeddable":true,"href":"https:\/\/sites.ecclesia.pt\/cv\/wp-json\/wp\/v2\/categories?post=39"},{"taxonomy":"post_tag","embeddable":true,"href":"https:\/\/sites.ecclesia.pt\/cv\/wp-json\/wp\/v2\/tags?post=39"}],"curies":[{"name":"wp","href":"https:\/\/api.w.org\/{rel}","templated":true}]}}