{"id":3911,"date":"2009-10-07T10:18:00","date_gmt":"2009-10-07T10:18:00","guid":{"rendered":"http:\/\/localhost:81\/wp1\/?p=3911"},"modified":"2009-10-07T10:18:00","modified_gmt":"2009-10-07T10:18:00","slug":"vitoria-e-governacao-partilhadas","status":"publish","type":"post","link":"https:\/\/sites.ecclesia.pt\/cv\/vitoria-e-governacao-partilhadas\/","title":{"rendered":"Vit\u00f3ria e governa\u00e7\u00e3o partilhadas"},"content":{"rendered":"<p>Quest\u00f5es Sociais <!--more--> A prop\u00f3sito dos resultados das elei\u00e7\u00f5es para a Assembleia da Rep\u00fablica, justifica-se explicitar algumas evid\u00eancias que foram bastante distorcidas. As elei\u00e7\u00f5es foram ganhas pelo Partido Socialista (PS), e perdidas por todos os outros. \u00c9 incorrecto afirmar que o PS, devido \u00e0 perda da maioria absoluta, n\u00e3o venceu as elei\u00e7\u00f5es, e que outros partidos as ganharam porque alcan\u00e7aram melhores resultados do que antes. Tamb\u00e9m n\u00e3o \u00e9 correcto afirmar que o Partido Social Democrata (PSD) \u00e9 o \u00abgrande derrotado\u00bb; a express\u00e3o \u00abgrande derrotado\u00bb \u00e9 impr\u00f3pria da vida democr\u00e1tica mas, admitindo o recurso a ela, os \u00abgrandes derrotados\u00bb foram os partidos que obtiveram menos votos e, da\u00ed, menos mandatos. N\u00e3o \u00e9 correcto, por outro lado, afirmar que o eleitorado votou a favor de um governo mais \u00e0 \u00abesquerda\u00bb; votou  sim, sobretudo, a favor do PS e do PSD, independentemente de conota\u00e7\u00f5es. Conv\u00e9m recordar que a  elei\u00e7\u00e3o aconteceu no dia 27 de Setembro, em ordem ao futuro; as compara\u00e7\u00f5es que se fa\u00e7am em rela\u00e7\u00e3o a sufr\u00e1gios revestem-se de interesse anal\u00edtico, mas n\u00e3o alteram a realidade eleitoral. <\/p>\n<p>Felizmente, n\u00e3o se registou nenhuma vit\u00f3ria total, pr\u00f3pria de partidos \u00fanicos e de regimes totalit\u00e1rios;  mesmo que se tivesse registado a maioria absoluta, a vit\u00f3ria continuaria a n\u00e3o ser total, mas partilhada.  Partilhada, desde logo, entre a c\u00fapula do PS, os seus militantes, os simpatizantes e os eleitores no partido; com efeito, as diferentes sensibilidades de todas estas pessoas deve ser assumida como participante na vit\u00f3ria e na governa\u00e7\u00e3o subsequente. A vit\u00f3ria tem de ser partilhada tamb\u00e9m com todos os outros partidos, mesmo os que n\u00e3o elegeram deputados; isto porque todos representam uma parte do povo soberano, e porque o partido vitorioso n\u00e3o possui toda a verdade.<\/p>\n<p>A partilha da vit\u00f3ria eleitoral e da governa\u00e7\u00e3o exige o di\u00e1logo permanente, o cumprimento poss\u00edvel de programas eleitorais e a concilia\u00e7\u00e3o sistem\u00e1tica de dois realismos: o da pr\u00f3pria realidade e o dos princ\u00edpios e valores a respeitar. Verificando-se estas tr\u00eas condi\u00e7\u00f5es, os partidos saber\u00e3o distinguir o que \u00e9 essencial e acidental nos seus programas e, consequentemente, quais as margens de manobra para a negocia\u00e7\u00e3o interpartid\u00e1ria e com o Governo. Saber\u00e3o tamb\u00e9m certamente encontrar, e vincular-se, a imperativos de bem comum, mais ou menos consensuais. <\/p>\n<p>A falta de maioria absoluta no Parlamento pode contribuir decisivamente para o refor\u00e7o da participa\u00e7\u00e3o e para o aprimoramento de todas as for\u00e7as pol\u00edticas e dos pr\u00f3prios cidad\u00e3os.<\/p>\n","protected":false},"excerpt":{"rendered":"<p>Quest\u00f5es Sociais<\/p>\n","protected":false},"author":1,"featured_media":0,"comment_status":"open","ping_status":"open","sticky":false,"template":"","format":"standard","meta":{"footnotes":""},"categories":[62],"tags":[],"class_list":["post-3911","post","type-post","status-publish","format-standard","hentry","category-opiniao"],"_links":{"self":[{"href":"https:\/\/sites.ecclesia.pt\/cv\/wp-json\/wp\/v2\/posts\/3911","targetHints":{"allow":["GET"]}}],"collection":[{"href":"https:\/\/sites.ecclesia.pt\/cv\/wp-json\/wp\/v2\/posts"}],"about":[{"href":"https:\/\/sites.ecclesia.pt\/cv\/wp-json\/wp\/v2\/types\/post"}],"author":[{"embeddable":true,"href":"https:\/\/sites.ecclesia.pt\/cv\/wp-json\/wp\/v2\/users\/1"}],"replies":[{"embeddable":true,"href":"https:\/\/sites.ecclesia.pt\/cv\/wp-json\/wp\/v2\/comments?post=3911"}],"version-history":[{"count":0,"href":"https:\/\/sites.ecclesia.pt\/cv\/wp-json\/wp\/v2\/posts\/3911\/revisions"}],"wp:attachment":[{"href":"https:\/\/sites.ecclesia.pt\/cv\/wp-json\/wp\/v2\/media?parent=3911"}],"wp:term":[{"taxonomy":"category","embeddable":true,"href":"https:\/\/sites.ecclesia.pt\/cv\/wp-json\/wp\/v2\/categories?post=3911"},{"taxonomy":"post_tag","embeddable":true,"href":"https:\/\/sites.ecclesia.pt\/cv\/wp-json\/wp\/v2\/tags?post=3911"}],"curies":[{"name":"wp","href":"https:\/\/api.w.org\/{rel}","templated":true}]}}