{"id":40,"date":"2006-04-03T14:44:00","date_gmt":"2006-04-03T14:44:00","guid":{"rendered":"http:\/\/localhost:81\/wp1\/?p=40"},"modified":"2006-04-03T14:44:00","modified_gmt":"2006-04-03T14:44:00","slug":"102a-viagem-apostolica-do-papa","status":"publish","type":"post","link":"https:\/\/sites.ecclesia.pt\/cv\/102a-viagem-apostolica-do-papa\/","title":{"rendered":"102\u00aa viagem apost\u00f3lica do Papa"},"content":{"rendered":"<p>Jo\u00e3o Paulo II na Eslov\u00e1quia <!--more--> Entre 11 e 14 de Setembro, Jo\u00e3o Paulo II estar\u00e1 na Eslov\u00e1quia para a sua 102\u00aa viagem apost\u00f3lica. Como momento significativo, \u00e9 apontada a beatifica\u00e7\u00e3o, em Bratislava, de duas v\u00edtimas da persegui\u00e7\u00e3o comunista: o bispo D. Bas\u00edlio Hopko (1904 \u2013 1976) e a irm\u00e3 Zdenka Schelingov\u00e1 (1916 \u2013 1955).<\/p>\n<p>O programa oficial da visita prev\u00ea a passagem do Papa por tr\u00eas outras cidades, para al\u00e9m da capital da Eslov\u00e1quia, pa\u00eds com cinco milh\u00f5es e meio de habitantes, dos quais 75 por cento se declaram cat\u00f3licos. <\/p>\n<p>Jo\u00e3o Paulo II visita pela terceira vez a Eslov\u00e1quia, tendo a primeira ocorrido em 1990, ainda no tempo da antiga Checoslov\u00e1quia. No dia 11, o Papa encontrar-se-\u00e1 com o Presidente da Rep\u00fablica, com o Presidente do Parlamento e com o primeiro-ministro. <\/p>\n<p>No dia seguinte, na cidade de Bansk\u00e1 Bystrica, celebrar\u00e1 a Eucaristia na Pra\u00e7a do Ressurgimento Nacional e almo\u00e7ar\u00e1 com os membros da Confer\u00eancia Episcopal Eslovaca, no Semin\u00e1rio Maior. No s\u00e1bado, 13 de Setembro, em Roznava, celebrar\u00e1 outra Eucaristia, no Campo di Podrakos.<\/p>\n<p>No dia 14, domingo, concluir\u00e1 a visita com mais uma Eucaristia, na esplanada de Petrzalka, em Bratislava. Ser\u00e1 nessa celebra\u00e7\u00e3o eucar\u00edstica  que beatificar\u00e1 as duas v\u00edtimas do comunismo. <\/p>\n<p>Ap\u00f3s a decis\u00e3o do regime comunista checoslovaco de  suprimir a Igreja Greco-Cat\u00f3lica, em Fevereiro de 1950, o bispo D. Hopko foi preso e condenado a 15 anos de cadeia, tendo morrido na pris\u00e3o, antes do termo da pena, devido aos sofrimentos de que foi v\u00edtima, como demonstrou a investiga\u00e7\u00e3o da Causa da sua Beatifica\u00e7\u00e3o. A irm\u00e3 Zdenka, religiosa da Congrega\u00e7\u00e3o das Irm\u00e3s da Caridade da Santa Cruz, enfermeira, tamb\u00e9m foi presa, depois de ter contribu\u00eddo  para a fuga de um sacerdote doente, detido injustamente em 1952. Debilitada e a sofrer por causa dos maus tratos que lhe infligiram, foi libertada em Abril de 1955, tendo falecido pouco depois, em 31 de  Julho desse ano.<\/p>\n<p>Em Julho de 2003, a Eslov\u00e1quia contava com 20 bispos, 2474 sacerdotes (1893 diocesanos e 581 religiosos), 21 di\u00e1conos permanentes, 243 religiosos n\u00e3o sacerdotes, 2832 religiosas, 178 consagradas leigas, 1931 catequistas, 867 seminaristas maiores e 225 seminaristas menores. A Igreja possui ainda naquele pa\u00eds 100 escolas elementares, 48 escolas secund\u00e1rias e duas universidades.<\/p>\n<p>Fonte: Ag\u00eancias Ecclesia e Zenit<\/p>\n","protected":false},"excerpt":{"rendered":"<p>Jo\u00e3o Paulo II na Eslov\u00e1quia<\/p>\n","protected":false},"author":1,"featured_media":0,"comment_status":"open","ping_status":"open","sticky":false,"template":"","format":"standard","meta":{"footnotes":""},"categories":[44],"tags":[],"class_list":["post-40","post","type-post","status-publish","format-standard","hentry","category-igreja"],"_links":{"self":[{"href":"https:\/\/sites.ecclesia.pt\/cv\/wp-json\/wp\/v2\/posts\/40","targetHints":{"allow":["GET"]}}],"collection":[{"href":"https:\/\/sites.ecclesia.pt\/cv\/wp-json\/wp\/v2\/posts"}],"about":[{"href":"https:\/\/sites.ecclesia.pt\/cv\/wp-json\/wp\/v2\/types\/post"}],"author":[{"embeddable":true,"href":"https:\/\/sites.ecclesia.pt\/cv\/wp-json\/wp\/v2\/users\/1"}],"replies":[{"embeddable":true,"href":"https:\/\/sites.ecclesia.pt\/cv\/wp-json\/wp\/v2\/comments?post=40"}],"version-history":[{"count":0,"href":"https:\/\/sites.ecclesia.pt\/cv\/wp-json\/wp\/v2\/posts\/40\/revisions"}],"wp:attachment":[{"href":"https:\/\/sites.ecclesia.pt\/cv\/wp-json\/wp\/v2\/media?parent=40"}],"wp:term":[{"taxonomy":"category","embeddable":true,"href":"https:\/\/sites.ecclesia.pt\/cv\/wp-json\/wp\/v2\/categories?post=40"},{"taxonomy":"post_tag","embeddable":true,"href":"https:\/\/sites.ecclesia.pt\/cv\/wp-json\/wp\/v2\/tags?post=40"}],"curies":[{"name":"wp","href":"https:\/\/api.w.org\/{rel}","templated":true}]}}