{"id":403,"date":"2010-01-28T09:55:00","date_gmt":"2010-01-28T09:55:00","guid":{"rendered":"http:\/\/localhost:81\/wp1\/?p=403"},"modified":"2010-01-28T09:55:00","modified_gmt":"2010-01-28T09:55:00","slug":"angola","status":"publish","type":"post","link":"https:\/\/sites.ecclesia.pt\/cv\/angola\/","title":{"rendered":"Angola"},"content":{"rendered":"<p>Pelo Mundo <!--more--> O Bispo de Cabinda, D. Filomeno Vieira Dias, disse acompanhar \u201ccom preocupa\u00e7\u00e3o\u201d o caso do padre Raul Tati, detido no enclave no dia 16 de Janeiro, e espera que ele \u201cpossa sair ilibado da acusa\u00e7\u00e3o que lhe \u00e9 posta\u201d. O sacerdote foi acusado de crimes contra a seguran\u00e7a do Estado angolano.<\/p>\n","protected":false},"excerpt":{"rendered":"<p>Pelo Mundo<\/p>\n","protected":false},"author":1,"featured_media":0,"comment_status":"open","ping_status":"open","sticky":false,"template":"","format":"standard","meta":{"footnotes":""},"categories":[55],"tags":[],"class_list":["post-403","post","type-post","status-publish","format-standard","hentry","category-igreja-no-mundo"],"_links":{"self":[{"href":"https:\/\/sites.ecclesia.pt\/cv\/wp-json\/wp\/v2\/posts\/403","targetHints":{"allow":["GET"]}}],"collection":[{"href":"https:\/\/sites.ecclesia.pt\/cv\/wp-json\/wp\/v2\/posts"}],"about":[{"href":"https:\/\/sites.ecclesia.pt\/cv\/wp-json\/wp\/v2\/types\/post"}],"author":[{"embeddable":true,"href":"https:\/\/sites.ecclesia.pt\/cv\/wp-json\/wp\/v2\/users\/1"}],"replies":[{"embeddable":true,"href":"https:\/\/sites.ecclesia.pt\/cv\/wp-json\/wp\/v2\/comments?post=403"}],"version-history":[{"count":0,"href":"https:\/\/sites.ecclesia.pt\/cv\/wp-json\/wp\/v2\/posts\/403\/revisions"}],"wp:attachment":[{"href":"https:\/\/sites.ecclesia.pt\/cv\/wp-json\/wp\/v2\/media?parent=403"}],"wp:term":[{"taxonomy":"category","embeddable":true,"href":"https:\/\/sites.ecclesia.pt\/cv\/wp-json\/wp\/v2\/categories?post=403"},{"taxonomy":"post_tag","embeddable":true,"href":"https:\/\/sites.ecclesia.pt\/cv\/wp-json\/wp\/v2\/tags?post=403"}],"curies":[{"name":"wp","href":"https:\/\/api.w.org\/{rel}","templated":true}]}}