{"id":41,"date":"2006-04-03T14:44:00","date_gmt":"2006-04-03T14:44:00","guid":{"rendered":"http:\/\/localhost:81\/wp1\/?p=41"},"modified":"2006-04-03T14:44:00","modified_gmt":"2006-04-03T14:44:00","slug":"em-fatima","status":"publish","type":"post","link":"https:\/\/sites.ecclesia.pt\/cv\/em-fatima\/","title":{"rendered":"Em F\u00e1tima"},"content":{"rendered":"<p>Jornadas Mission\u00e1rias <!--more--> Em F\u00e1tima, no Centro Pastoral Paulo VI, de 19 a 21 de Setembro, v\u00e3o decorrer as Jornadas Mission\u00e1rias 2003, tendo como matriz de reflex\u00e3o e de di\u00e1logo o tema \u201cA Europa e a Miss\u00e3o Ad Gentes\u201d . Trata-se de uma iniciativa dirigida a todos os que desejarem aprofundar a sua consci\u00eancia mission\u00e1ria, estando as inscri\u00e7\u00f5es abertas at\u00e9 ao pr\u00f3ximo dia 9 de Setembro.<\/p>\n<p>\u201cTempo de incertezas e crise de valores: um olhar de esperan\u00e7a\u201d e \u201cA sociedade e a Igreja numa Europa em mudan\u00e7a\u201d ser\u00e3o temas a desenvolver pela Doutora Manuela Silva e pelo Eng. Bruto da Costa, respectivamente. O Dr. Alfredo Teixeira abordar\u00e1 a quest\u00e3o \u201cO desafio mission\u00e1rio do Primeiro Mundo\u201d e o Doutor Peter Stilwell falar\u00e1 sobre \u201cA miss\u00e3o como encontro de culturas e religi\u00f5es\u201d.<\/p>\n<p>\u201cA Europa e as suas periferias\u201d ser\u00e1 o tema a apresentar pela Dra. Gra\u00e7a Franco, encerrando as Jornadas  D. Manuel Clemente, que dissertar\u00e1 sobre \u201cA transmiss\u00e3o da f\u00e9 numa nova cultura\u201d. Em momento pr\u00f3prio, haver\u00e1 um painel sobre \u201cPar\u00f3quia e Miss\u00e3o\u201d, com testemunhos e experi\u00eancias apresentados pelos participantes, esperando-se que os reflexos de tudo o que ali se passar se projecte nas par\u00f3quias do nosso Pa\u00eds.<\/p>\n<p>Os interessados em participar  nas Jornadas Mission\u00e1rias 2003 ainda podem inscrever-se pelo telefone 218148428.<\/p>\n","protected":false},"excerpt":{"rendered":"<p>Jornadas Mission\u00e1rias<\/p>\n","protected":false},"author":1,"featured_media":0,"comment_status":"open","ping_status":"open","sticky":false,"template":"","format":"standard","meta":{"footnotes":""},"categories":[44],"tags":[],"class_list":["post-41","post","type-post","status-publish","format-standard","hentry","category-igreja"],"_links":{"self":[{"href":"https:\/\/sites.ecclesia.pt\/cv\/wp-json\/wp\/v2\/posts\/41","targetHints":{"allow":["GET"]}}],"collection":[{"href":"https:\/\/sites.ecclesia.pt\/cv\/wp-json\/wp\/v2\/posts"}],"about":[{"href":"https:\/\/sites.ecclesia.pt\/cv\/wp-json\/wp\/v2\/types\/post"}],"author":[{"embeddable":true,"href":"https:\/\/sites.ecclesia.pt\/cv\/wp-json\/wp\/v2\/users\/1"}],"replies":[{"embeddable":true,"href":"https:\/\/sites.ecclesia.pt\/cv\/wp-json\/wp\/v2\/comments?post=41"}],"version-history":[{"count":0,"href":"https:\/\/sites.ecclesia.pt\/cv\/wp-json\/wp\/v2\/posts\/41\/revisions"}],"wp:attachment":[{"href":"https:\/\/sites.ecclesia.pt\/cv\/wp-json\/wp\/v2\/media?parent=41"}],"wp:term":[{"taxonomy":"category","embeddable":true,"href":"https:\/\/sites.ecclesia.pt\/cv\/wp-json\/wp\/v2\/categories?post=41"},{"taxonomy":"post_tag","embeddable":true,"href":"https:\/\/sites.ecclesia.pt\/cv\/wp-json\/wp\/v2\/tags?post=41"}],"curies":[{"name":"wp","href":"https:\/\/api.w.org\/{rel}","templated":true}]}}