{"id":4143,"date":"2009-10-28T10:16:00","date_gmt":"2009-10-28T10:16:00","guid":{"rendered":"http:\/\/localhost:81\/wp1\/?p=4143"},"modified":"2009-10-28T10:16:00","modified_gmt":"2009-10-28T10:16:00","slug":"livro-recorda-p-e-manuel-da-fonte","status":"publish","type":"post","link":"https:\/\/sites.ecclesia.pt\/cv\/livro-recorda-p-e-manuel-da-fonte\/","title":{"rendered":"Livro recorda P.e Manuel da Fonte"},"content":{"rendered":"<p>Livro <!--more--> In Memoriam. Padre Manuel Silva <\/p>\n<p>Gon\u00e7alves da Fonte<\/p>\n<p>V\u00e1rios autores<\/p>\n<p>Ed. Par\u00f3quia Matriz (P\u00f3voa do Varzim)<\/p>\n<p>106 p\u00e1ginas<\/p>\n<p>O P.e Manuel da Fonte morreu, repentinamente, no dia 25 de Novembro de 2007, na P\u00f3voa do Varzim, onde era p\u00e1roco desde 1983. Tinha 60 anos.<\/p>\n<p>Entre 1970 e 1983 o P.e Fonte esteve ligado \u00e0 Diocese de Aveiro, sendo professor no Semin\u00e1rio de Calv\u00e3o (1970-1976) e no Semin\u00e1rio de Aveiro (1976-1983). Entre 1996 e 2002 foi assistente nacional dos Escuteiros (CNE).<\/p>\n<p>A par\u00f3quia onde serviu nos \u00faltimos anos homenageou o sacerdote com um livro de depoimentos de padres, casais, crian\u00e7as, escuteiros. Tamb\u00e9m participam  neste volume de homenagem o P.e Jos\u00e9 Cam\u00f5es, p\u00e1roco de \u00c1gueda, colega o P.e Fonte na equipa sacerdotal do Semin\u00e1rio de Aveiro, e D. Ant\u00f3nio Marcelino, que confessa tudo ter feito para que o P.e Fonte n\u00e3o regressasse \u00e0 diocese de que era origin\u00e1rio.<\/p>\n","protected":false},"excerpt":{"rendered":"<p>Livro<\/p>\n","protected":false},"author":1,"featured_media":0,"comment_status":"open","ping_status":"open","sticky":false,"template":"","format":"standard","meta":{"footnotes":""},"categories":[59],"tags":[],"class_list":["post-4143","post","type-post","status-publish","format-standard","hentry","category-formacao"],"_links":{"self":[{"href":"https:\/\/sites.ecclesia.pt\/cv\/wp-json\/wp\/v2\/posts\/4143","targetHints":{"allow":["GET"]}}],"collection":[{"href":"https:\/\/sites.ecclesia.pt\/cv\/wp-json\/wp\/v2\/posts"}],"about":[{"href":"https:\/\/sites.ecclesia.pt\/cv\/wp-json\/wp\/v2\/types\/post"}],"author":[{"embeddable":true,"href":"https:\/\/sites.ecclesia.pt\/cv\/wp-json\/wp\/v2\/users\/1"}],"replies":[{"embeddable":true,"href":"https:\/\/sites.ecclesia.pt\/cv\/wp-json\/wp\/v2\/comments?post=4143"}],"version-history":[{"count":0,"href":"https:\/\/sites.ecclesia.pt\/cv\/wp-json\/wp\/v2\/posts\/4143\/revisions"}],"wp:attachment":[{"href":"https:\/\/sites.ecclesia.pt\/cv\/wp-json\/wp\/v2\/media?parent=4143"}],"wp:term":[{"taxonomy":"category","embeddable":true,"href":"https:\/\/sites.ecclesia.pt\/cv\/wp-json\/wp\/v2\/categories?post=4143"},{"taxonomy":"post_tag","embeddable":true,"href":"https:\/\/sites.ecclesia.pt\/cv\/wp-json\/wp\/v2\/tags?post=4143"}],"curies":[{"name":"wp","href":"https:\/\/api.w.org\/{rel}","templated":true}]}}