{"id":4162,"date":"2009-11-11T09:51:00","date_gmt":"2009-11-11T09:51:00","guid":{"rendered":"http:\/\/localhost:81\/wp1\/?p=4162"},"modified":"2009-11-11T09:51:00","modified_gmt":"2009-11-11T09:51:00","slug":"segunda-etapa-do-quinquenio-pastoral-abre-se-a-nivel-paroquial","status":"publish","type":"post","link":"https:\/\/sites.ecclesia.pt\/cv\/segunda-etapa-do-quinquenio-pastoral-abre-se-a-nivel-paroquial\/","title":{"rendered":"Segunda etapa do quinqu\u00e9nio pastoral abre-se a n\u00edvel paroquial"},"content":{"rendered":"<p>Breve <!--more--> A segunda etapa pastoral a caminho do Jubileu da Diocese de Aveiro (75 anos de Restaura\u00e7\u00e3o da Diocese que se completam no dia 11 de Dezembro de 2013) tem in\u00edcio no dia 29 de Novembro, primeiro domingo do Advento. Ao contr\u00e1rio do que chegou a ser anunciado, a abertura ser\u00e1 feita a n\u00edvel paroquial.<\/p>\n<p>Nesta segunda etapa que decorre at\u00e9 10 de Outubro de 2010, o lema \u00e9 \u201cA Igreja Diocesana, educadora da f\u00e9, \u00e9 fundamento da esperan\u00e7a\u201d. <\/p>\n","protected":false},"excerpt":{"rendered":"<p>Breve<\/p>\n","protected":false},"author":1,"featured_media":0,"comment_status":"open","ping_status":"open","sticky":false,"template":"","format":"standard","meta":{"footnotes":""},"categories":[70],"tags":[],"class_list":["post-4162","post","type-post","status-publish","format-standard","hentry","category-diocese"],"_links":{"self":[{"href":"https:\/\/sites.ecclesia.pt\/cv\/wp-json\/wp\/v2\/posts\/4162","targetHints":{"allow":["GET"]}}],"collection":[{"href":"https:\/\/sites.ecclesia.pt\/cv\/wp-json\/wp\/v2\/posts"}],"about":[{"href":"https:\/\/sites.ecclesia.pt\/cv\/wp-json\/wp\/v2\/types\/post"}],"author":[{"embeddable":true,"href":"https:\/\/sites.ecclesia.pt\/cv\/wp-json\/wp\/v2\/users\/1"}],"replies":[{"embeddable":true,"href":"https:\/\/sites.ecclesia.pt\/cv\/wp-json\/wp\/v2\/comments?post=4162"}],"version-history":[{"count":0,"href":"https:\/\/sites.ecclesia.pt\/cv\/wp-json\/wp\/v2\/posts\/4162\/revisions"}],"wp:attachment":[{"href":"https:\/\/sites.ecclesia.pt\/cv\/wp-json\/wp\/v2\/media?parent=4162"}],"wp:term":[{"taxonomy":"category","embeddable":true,"href":"https:\/\/sites.ecclesia.pt\/cv\/wp-json\/wp\/v2\/categories?post=4162"},{"taxonomy":"post_tag","embeddable":true,"href":"https:\/\/sites.ecclesia.pt\/cv\/wp-json\/wp\/v2\/tags?post=4162"}],"curies":[{"name":"wp","href":"https:\/\/api.w.org\/{rel}","templated":true}]}}