{"id":4293,"date":"2009-11-11T10:02:00","date_gmt":"2009-11-11T10:02:00","guid":{"rendered":"http:\/\/localhost:81\/wp1\/?p=4293"},"modified":"2009-11-11T10:02:00","modified_gmt":"2009-11-11T10:02:00","slug":"morte-e-um-enigma-carregado-de-inquietude-diz-bento-xvi","status":"publish","type":"post","link":"https:\/\/sites.ecclesia.pt\/cv\/morte-e-um-enigma-carregado-de-inquietude-diz-bento-xvi\/","title":{"rendered":"Morte \u00e9 um enigma \u00abcarregado de inquietude\u00bb, diz Bento XVI"},"content":{"rendered":"<p>Bento XVI convidou a \u201cter viva no cora\u00e7\u00e3o a perspectiva da esperan\u00e7a\u201d, mesmo perante o momento da morte.<\/p>\n<p>\u201cA partida dos entes queridos \u00e9 dolorosa, o acontecimento da morte \u00e9 um enigma carregado de inquietude, mas para os crentes \u00e9 sempre iluminado pela esperan\u00e7a da imortalidade, assinalou na homilia da Missa celebrada na Bas\u00edlica de S\u00e3o Pedro, no dia 5 de Novembro.<\/p>\n<p>A cerim\u00f3nia foi celebrada em sufr\u00e1gio por sete cardeais e v\u00e1rios arcebispos e bispos que faleceram durante este ano. Os Cardeais que faleceram no \u00faltimo ano foram Avery Dulles, Pio Laghi, St\u00e9phanos II Ghattas, Stephen Kim Sou-Hwan, Paul Joseph Pham D\u00ecnh Tung, Umberto Betti e Jean Marg\u00e9ot.<\/p>\n","protected":false},"excerpt":{"rendered":"<p>Bento XVI convidou a \u201cter viva no cora\u00e7\u00e3o a perspectiva da esperan\u00e7a\u201d, mesmo perante o momento da morte. \u201cA partida dos entes queridos \u00e9 dolorosa, o acontecimento da morte \u00e9 um enigma carregado de inquietude, mas para os crentes \u00e9 sempre iluminado pela esperan\u00e7a da imortalidade, assinalou na homilia da Missa celebrada na Bas\u00edlica de [&hellip;]<\/p>\n","protected":false},"author":1,"featured_media":0,"comment_status":"open","ping_status":"open","sticky":false,"template":"","format":"standard","meta":{"footnotes":""},"categories":[55],"tags":[],"class_list":["post-4293","post","type-post","status-publish","format-standard","hentry","category-igreja-no-mundo"],"_links":{"self":[{"href":"https:\/\/sites.ecclesia.pt\/cv\/wp-json\/wp\/v2\/posts\/4293","targetHints":{"allow":["GET"]}}],"collection":[{"href":"https:\/\/sites.ecclesia.pt\/cv\/wp-json\/wp\/v2\/posts"}],"about":[{"href":"https:\/\/sites.ecclesia.pt\/cv\/wp-json\/wp\/v2\/types\/post"}],"author":[{"embeddable":true,"href":"https:\/\/sites.ecclesia.pt\/cv\/wp-json\/wp\/v2\/users\/1"}],"replies":[{"embeddable":true,"href":"https:\/\/sites.ecclesia.pt\/cv\/wp-json\/wp\/v2\/comments?post=4293"}],"version-history":[{"count":0,"href":"https:\/\/sites.ecclesia.pt\/cv\/wp-json\/wp\/v2\/posts\/4293\/revisions"}],"wp:attachment":[{"href":"https:\/\/sites.ecclesia.pt\/cv\/wp-json\/wp\/v2\/media?parent=4293"}],"wp:term":[{"taxonomy":"category","embeddable":true,"href":"https:\/\/sites.ecclesia.pt\/cv\/wp-json\/wp\/v2\/categories?post=4293"},{"taxonomy":"post_tag","embeddable":true,"href":"https:\/\/sites.ecclesia.pt\/cv\/wp-json\/wp\/v2\/tags?post=4293"}],"curies":[{"name":"wp","href":"https:\/\/api.w.org\/{rel}","templated":true}]}}