{"id":43,"date":"2006-04-03T14:44:00","date_gmt":"2006-04-03T14:44:00","guid":{"rendered":"http:\/\/localhost:81\/wp1\/?p=43"},"modified":"2006-04-03T14:44:00","modified_gmt":"2006-04-03T14:44:00","slug":"em-aveiro-na-praca-marques-de-pombal","status":"publish","type":"post","link":"https:\/\/sites.ecclesia.pt\/cv\/em-aveiro-na-praca-marques-de-pombal\/","title":{"rendered":"Em Aveiro, na Pra\u00e7a Marqu\u00eas de Pombal"},"content":{"rendered":"<p>Esta\u00e7\u00e3o dos Correios com cara mais jovem e mais atractiva <!--more--> Na ter\u00e7a-feira, na Pra\u00e7a Marqu\u00eas de Pombal ainda em obras, foram inauguradas as novas instala\u00e7\u00f5es da Esta\u00e7\u00e3o dos Correios que \u201cfaz parte da nossa mem\u00f3ria\u201d, no dizer oportuno do presidente da C\u00e2mara Municipal de Aveiro, Alberto Souto. Marques Mendes, o ministro dos Assuntos Parlamentares, afirmou que se trata de uma estrutura moderna, \u201ccom cara diferente, mais jovem e mais atractiva\u201d, que dignifica os trabalhadores e os clientes dos CTT.<\/p>\n<p>Para Carlos Horta e Costa, presidente do Conselho de Administra\u00e7\u00e3o dos CTT, a remodela\u00e7\u00e3o desta Esta\u00e7\u00e3o dos Correios, que envolveu a sua informatiza\u00e7\u00e3o com o que h\u00e1 de mais moderno, para al\u00e9m de receber um novo equipamento para a \u00e1rea da distribui\u00e7\u00e3o, corresponde a um investimento de 750 mil euros (150 mil contos). Tudo isto para melhor servir a popula\u00e7\u00e3o, na linha da pol\u00edtica seguida \u201cdesde sempre pela empresa\u201d.<\/p>\n<p>Depois da b\u00ean\u00e7\u00e3o pelo Bispo de Aveiro, D. Ant\u00f3nio Marcelino, n\u00e3o do edif\u00edcio em si, mas  das pessoas que trabalham e procuram os servi\u00e7os dos CTT, Horta e Costa referiu que os clientes individuais e o tecido empresarial encontrar\u00e3o agora \u201cuns Correios mais bem apetrechado para os servir\u201d, mas tamb\u00e9m para \u201ccolaborar no desenvolvimento das suas actividades\u201d.<\/p>\n<p>Lembrou que esta Esta\u00e7\u00e3o dos Correios, uma das sete da cidade, entre as 13 do concelho que servem 73 mil habitantes, tem oito posi\u00e7\u00f5es polivalentes no balc\u00e3o, contando com dez colaboradores, dispon\u00edveis de segunda a sexta-feira, das 8.30 \u00e0s 18.30 horas.<\/p>\n<p>A renovada Esta\u00e7\u00e3o est\u00e1 preparada para prestar os mais diversos servi\u00e7os postais, financeiros, filat\u00e9licos e de encomendas, disponibilizando, ainda, duas cabinas telef\u00f3nicas, NetPoste para acesso \u00e0 Internet, uma m\u00e1quina autom\u00e1tica para venda de selos no exterior e um painel de 570 apartados. Em breve estabelecer\u00e1 parcerias com a operadora de telem\u00f3veis Optimus e com a Livraria Fernandes, que ter\u00e3o balc\u00f5es no mesmo edif\u00edcio.<\/p>\n<p>As obras de remodela\u00e7\u00e3o contemplaram, justamente, os deficientes motores, gra\u00e7as a um elevador, colocado junto aos degraus de entrada,  que permite o acesso de cadeiras de rodas ao interior do edif\u00edcio.<\/p>\n<p>Entretanto, o Centro de Distribui\u00e7\u00e3o Postal 3810, anexo \u00e0 nova Esta\u00e7\u00e3o, recebeu obras de beneficia\u00e7\u00e3o, o que permitir\u00e1 melhores condi\u00e7\u00f5es de trabalho aos 30 carteiros que diariamente entregam correspond\u00eancia a mais de 17 mil domic\u00edlios da respectiva \u00e1rea, de um total de 34 mil em todo o concelho.<\/p>\n<p>Horta e Costa adiantou \u00e0 comunica\u00e7\u00e3o social que o novo sistema inform\u00e1tico est\u00e1 a ser instalado em todo o Pa\u00eds, tendo come\u00e7ado no ano passado e devendo estar conclu\u00eddo no primeiro trimestre de 2004. Disse  que Aveiro foi das primeiras grandes Esta\u00e7\u00f5es a serem informatizadas, porque os CTT est\u00e3o a privilegiar as zonas com maior tr\u00e1fego. Acrescentou que beneficiar\u00e3o do novo sistema toda a rede de balc\u00f5es dos Correios, mais de mil, e cerca de dois mil postos agenciados, se tiverem tr\u00e1fego que o justifique. Este programa envolve, s\u00f3 para este ano, 30 milh\u00f5es de euros.<\/p>\n","protected":false},"excerpt":{"rendered":"<p>Esta\u00e7\u00e3o dos Correios com cara mais jovem e mais atractiva<\/p>\n","protected":false},"author":1,"featured_media":0,"comment_status":"open","ping_status":"open","sticky":false,"template":"","format":"standard","meta":{"footnotes":""},"categories":[63],"tags":[],"class_list":["post-43","post","type-post","status-publish","format-standard","hentry","category-aveiro"],"_links":{"self":[{"href":"https:\/\/sites.ecclesia.pt\/cv\/wp-json\/wp\/v2\/posts\/43","targetHints":{"allow":["GET"]}}],"collection":[{"href":"https:\/\/sites.ecclesia.pt\/cv\/wp-json\/wp\/v2\/posts"}],"about":[{"href":"https:\/\/sites.ecclesia.pt\/cv\/wp-json\/wp\/v2\/types\/post"}],"author":[{"embeddable":true,"href":"https:\/\/sites.ecclesia.pt\/cv\/wp-json\/wp\/v2\/users\/1"}],"replies":[{"embeddable":true,"href":"https:\/\/sites.ecclesia.pt\/cv\/wp-json\/wp\/v2\/comments?post=43"}],"version-history":[{"count":0,"href":"https:\/\/sites.ecclesia.pt\/cv\/wp-json\/wp\/v2\/posts\/43\/revisions"}],"wp:attachment":[{"href":"https:\/\/sites.ecclesia.pt\/cv\/wp-json\/wp\/v2\/media?parent=43"}],"wp:term":[{"taxonomy":"category","embeddable":true,"href":"https:\/\/sites.ecclesia.pt\/cv\/wp-json\/wp\/v2\/categories?post=43"},{"taxonomy":"post_tag","embeddable":true,"href":"https:\/\/sites.ecclesia.pt\/cv\/wp-json\/wp\/v2\/tags?post=43"}],"curies":[{"name":"wp","href":"https:\/\/api.w.org\/{rel}","templated":true}]}}