{"id":44,"date":"2006-04-03T14:44:00","date_gmt":"2006-04-03T14:44:00","guid":{"rendered":"http:\/\/localhost:81\/wp1\/?p=44"},"modified":"2006-04-03T14:44:00","modified_gmt":"2006-04-03T14:44:00","slug":"aveiro-breves","status":"publish","type":"post","link":"https:\/\/sites.ecclesia.pt\/cv\/aveiro-breves\/","title":{"rendered":"Aveiro &#8211; Breves"},"content":{"rendered":"<p>Pra\u00e7a Marqu\u00eas de Pombal<\/p>\n<p>No pr\u00f3ximo dia 6 de Setembro, pelas 10.30 horas, ser\u00e1 inaugurada a Pra\u00e7a Marqu\u00eas de Pombal, bem como o Parque de Estacionamento Subterr\u00e2neo.<\/p>\n<p>Depois da visita ao Parque e da cerim\u00f3nia de inaugura\u00e7\u00e3o, haver\u00e1 um concerto pela Banda Amizade e anima\u00e7\u00e3o de rua. Actuar\u00e3o ainda o Quarteto de Jazz de Saxofones, a Companhia de Dan\u00e7a  e a Orquestra Ligeira de Aveiro.<\/p>\n<p>ISCIA com nova licenciatura<\/p>\n<p>A partir de Outubro, o ISCIA (Instituto Superior de Ci\u00eancias da Informa\u00e7\u00e3o e da Administra\u00e7\u00e3o) de Aveiro passar\u00e1 a leccionar uma nova licenciatura biet\u00e1pica em comunica\u00e7\u00e3o, em quatro anos, estando a homologa\u00e7\u00e3o do Minist\u00e9rio prevista para breve. Espera-se, entretanto, que, progressivamente, os cursos graduados, p\u00f3s-graduados e de especializa\u00e7\u00e3o possam ser dados com aulas presenciais e n\u00e3o presenciais, com as consequentes vantagens para todos os alunos.<\/p>\n<p>Feiras e Mercados mais limpos<\/p>\n<p>A C\u00e2mara Municipal de Aveiro e a SUMA est\u00e3o a  desenvolver uma campanha de sensibiliza\u00e7\u00e3o junto dos feirantes do concelho de Aveiro, no sentido de passarem a deixar os recintos onde decorrem as feiras e mercados mais limpos. \u201cLixo bem ensacado \u00e9 meio caminho andado\u201d, \u201cLixo bem espalmadinho arruma-se em qualquer cantinho\u201d e \u201cLixo depositado, contentor sempre fechado\u201d s\u00e3o alguns dos conselhos que os feirantes v\u00e3o ouvir at\u00e9 8 de Setembro.<\/p>\n","protected":false},"excerpt":{"rendered":"<p>Pra\u00e7a Marqu\u00eas de Pombal No pr\u00f3ximo dia 6 de Setembro, pelas 10.30 horas, ser\u00e1 inaugurada a Pra\u00e7a Marqu\u00eas de Pombal, bem como o Parque de Estacionamento Subterr\u00e2neo. Depois da visita ao Parque e da cerim\u00f3nia de inaugura\u00e7\u00e3o, haver\u00e1 um concerto pela Banda Amizade e anima\u00e7\u00e3o de rua. Actuar\u00e3o ainda o Quarteto de Jazz de Saxofones, [&hellip;]<\/p>\n","protected":false},"author":1,"featured_media":0,"comment_status":"open","ping_status":"open","sticky":false,"template":"","format":"standard","meta":{"footnotes":""},"categories":[63],"tags":[],"class_list":["post-44","post","type-post","status-publish","format-standard","hentry","category-aveiro"],"_links":{"self":[{"href":"https:\/\/sites.ecclesia.pt\/cv\/wp-json\/wp\/v2\/posts\/44","targetHints":{"allow":["GET"]}}],"collection":[{"href":"https:\/\/sites.ecclesia.pt\/cv\/wp-json\/wp\/v2\/posts"}],"about":[{"href":"https:\/\/sites.ecclesia.pt\/cv\/wp-json\/wp\/v2\/types\/post"}],"author":[{"embeddable":true,"href":"https:\/\/sites.ecclesia.pt\/cv\/wp-json\/wp\/v2\/users\/1"}],"replies":[{"embeddable":true,"href":"https:\/\/sites.ecclesia.pt\/cv\/wp-json\/wp\/v2\/comments?post=44"}],"version-history":[{"count":0,"href":"https:\/\/sites.ecclesia.pt\/cv\/wp-json\/wp\/v2\/posts\/44\/revisions"}],"wp:attachment":[{"href":"https:\/\/sites.ecclesia.pt\/cv\/wp-json\/wp\/v2\/media?parent=44"}],"wp:term":[{"taxonomy":"category","embeddable":true,"href":"https:\/\/sites.ecclesia.pt\/cv\/wp-json\/wp\/v2\/categories?post=44"},{"taxonomy":"post_tag","embeddable":true,"href":"https:\/\/sites.ecclesia.pt\/cv\/wp-json\/wp\/v2\/tags?post=44"}],"curies":[{"name":"wp","href":"https:\/\/api.w.org\/{rel}","templated":true}]}}