{"id":46,"date":"2006-04-03T14:44:00","date_gmt":"2006-04-03T14:44:00","guid":{"rendered":"http:\/\/localhost:81\/wp1\/?p=46"},"modified":"2006-04-03T14:44:00","modified_gmt":"2006-04-03T14:44:00","slug":"travasso-inaugura-parque-de-lazer-da-senhora-do-amparo","status":"publish","type":"post","link":"https:\/\/sites.ecclesia.pt\/cv\/travasso-inaugura-parque-de-lazer-da-senhora-do-amparo\/","title":{"rendered":"Travass\u00f4 inaugura Parque de Lazer da Senhora do Amparo"},"content":{"rendered":"<p>O Parque de Lazer da Senhora do Amparo, em Travass\u00f4, vai ser inaugurado no pr\u00f3ximo dia 7 de Setembro, pelas 12.30 horas, com a presen\u00e7a de representantes da Direc\u00e7\u00e3o Regional do Ambiente e Ordenamento do Territ\u00f3rio \u2013 Centro (DRAOT-C), da AMRia &#8211; Associa\u00e7\u00e3o de Munic\u00edpios da Ria, da C\u00e2mara Municipal de \u00c1gueda, entre outras entidades.<\/p>\n<p>Or\u00e7ada em 364.708 euros, esta obra foi financiada em 75 por cento (273.531 euros) pelo Programa Operacional da Regi\u00e3o Centro \/ DRAOT-C) no \u00e2mbito do 3\u00ba Quadro Comunit\u00e1rio de Apoio. Os restantes 25 por cento foram da responsabilidade da AMRia \/ C\u00e2mara Municipal de \u00c1gueda.<\/p>\n<p>O Parque de Lazer da Senhora do Amparo insere-se no programa de Recupera\u00e7\u00e3o e Qualifica\u00e7\u00e3o Ambiental de Espa\u00e7os Naturais que a AMRia est\u00e1 a implementar em diversas zonas de interesse natural e paisag\u00edstico, e \u00e9 um dos quatro parques que a Associa\u00e7\u00e3o de Munic\u00edpios da Ria tem em desenvolvimento na Pateira de Fermentelos: Parque de Lazer da Senhora do Amparo, Parque da Pateira de Espinhel, Espa\u00e7o Natural Envolvente \u00e0 Pateira de Fermentelos (\u00d3is da Ribeira) e Espa\u00e7o Natural do Prego (Perr\u00e3es), os tr\u00eas primeiros no concelho de \u00c1gueda e o \u00faltimo no munic\u00edpio de Oliveira do Bairro.<\/p>\n<p>O programa de Recupera\u00e7\u00e3o e Qualifica\u00e7\u00e3o de Espa\u00e7os Naturais visa dotar, na sua generalidade, essas zonas com infra-estruturas necess\u00e1rias e adequadas \u00e0 sua utiliza\u00e7\u00e3o como espa\u00e7os de lazer inseridos na din\u00e2mica ecol\u00f3gico\/ ambiental que lhes s\u00e3o caracter\u00edsticas. Por esse motivo, os projectos de interven\u00e7\u00e3o em \u00e1reas ribeirinhas \u00e0 Pateira de Fermentelos prev\u00eaem a consolida\u00e7\u00e3o das margens, dragagem, jardins, parques de merendas, zonas de estacionamento autom\u00f3vel, arruamentos pedonais, sanit\u00e1rios, parque infantil, bar de apoio, observat\u00f3rio de aves e do espelho de \u00e1gua. Fundamental nesses projectos \u00e9 a requalifica\u00e7\u00e3o de \u00e1reas naturais, de modo a preservar a vegeta\u00e7\u00e3o natural aut\u00f3ctone e o arvoredo existente.<\/p>\n<p>Simultaneamente, esses parques s\u00e3o locais de grande interesse tur\u00edstico e de atrac\u00e7\u00e3o para as popula\u00e7\u00f5es locais. <\/p>\n","protected":false},"excerpt":{"rendered":"<p>O Parque de Lazer da Senhora do Amparo, em Travass\u00f4, vai ser inaugurado no pr\u00f3ximo dia 7 de Setembro, pelas 12.30 horas, com a presen\u00e7a de representantes da Direc\u00e7\u00e3o Regional do Ambiente e Ordenamento do Territ\u00f3rio \u2013 Centro (DRAOT-C), da AMRia &#8211; Associa\u00e7\u00e3o de Munic\u00edpios da Ria, da C\u00e2mara Municipal de \u00c1gueda, entre outras entidades. [&hellip;]<\/p>\n","protected":false},"author":1,"featured_media":0,"comment_status":"open","ping_status":"open","sticky":false,"template":"","format":"standard","meta":{"footnotes":""},"categories":[45],"tags":[],"class_list":["post-46","post","type-post","status-publish","format-standard","hentry","category-regioes"],"_links":{"self":[{"href":"https:\/\/sites.ecclesia.pt\/cv\/wp-json\/wp\/v2\/posts\/46","targetHints":{"allow":["GET"]}}],"collection":[{"href":"https:\/\/sites.ecclesia.pt\/cv\/wp-json\/wp\/v2\/posts"}],"about":[{"href":"https:\/\/sites.ecclesia.pt\/cv\/wp-json\/wp\/v2\/types\/post"}],"author":[{"embeddable":true,"href":"https:\/\/sites.ecclesia.pt\/cv\/wp-json\/wp\/v2\/users\/1"}],"replies":[{"embeddable":true,"href":"https:\/\/sites.ecclesia.pt\/cv\/wp-json\/wp\/v2\/comments?post=46"}],"version-history":[{"count":0,"href":"https:\/\/sites.ecclesia.pt\/cv\/wp-json\/wp\/v2\/posts\/46\/revisions"}],"wp:attachment":[{"href":"https:\/\/sites.ecclesia.pt\/cv\/wp-json\/wp\/v2\/media?parent=46"}],"wp:term":[{"taxonomy":"category","embeddable":true,"href":"https:\/\/sites.ecclesia.pt\/cv\/wp-json\/wp\/v2\/categories?post=46"},{"taxonomy":"post_tag","embeddable":true,"href":"https:\/\/sites.ecclesia.pt\/cv\/wp-json\/wp\/v2\/tags?post=46"}],"curies":[{"name":"wp","href":"https:\/\/api.w.org\/{rel}","templated":true}]}}