{"id":4628,"date":"2009-12-16T10:44:00","date_gmt":"2009-12-16T10:44:00","guid":{"rendered":"http:\/\/localhost:81\/wp1\/?p=4628"},"modified":"2009-12-16T10:44:00","modified_gmt":"2009-12-16T10:44:00","slug":"aveiro-homenageia-jose-estevao-no-proximo-sabado","status":"publish","type":"post","link":"https:\/\/sites.ecclesia.pt\/cv\/aveiro-homenageia-jose-estevao-no-proximo-sabado\/","title":{"rendered":"Aveiro homenageia Jos\u00e9 Est\u00eav\u00e3o no pr\u00f3ximo s\u00e1bado"},"content":{"rendered":"<p>Hino ao tribuno aveirense, um livro e uma expos\u00e7\u00e3o s\u00e3o os principais eventos da homenagem<\/p>\n<p>S\u00e1bado, pelas 11 horas, ter\u00e1 in\u00edcio uma cerim\u00f3nia de homenagem a Jos\u00e9 Est\u00eav\u00e3o Coelho de Magalh\u00e3es, evento integrado nas comemora\u00e7\u00f5es do bicenten\u00e1rio do nascimento desse grande tribuno aveirense, promovidas pela C\u00e2mara Municipal de Aveiro e pela Assembleia da Rep\u00fablica.<\/p>\n<p>Pelas 11 horas, na Pra\u00e7a da Rep\u00fablica, as bandas filarm\u00f3nicas do munic\u00edpio de Aveiro ir\u00e3o apresentar o Hino a Jos\u00e9 Est\u00eav\u00e3o, seguindo-se, no sal\u00e3o nobre dos Pa\u00e7os do Concelho, a homenagem ao aveirense, com as alocu\u00e7\u00f5es do historiador Jos\u00e9 Tengarrinha e do director do Museu Ma\u00e7\u00f3nico Portugu\u00eas, Ant\u00f3nio Lopes, e a apresenta\u00e7\u00e3o do livro \u201cJos\u00e9 Est\u00eav\u00e3o de Magalh\u00e3es. 1809-1862. Biografia Parlamentar\u201d, de J\u00falio Rodrigues da Silva. No final da sess\u00e3o, intervir\u00e3o os presidentes da C\u00e2mara Municipal de Aveiro e da Assembleia da Rep\u00fablica, \u00c9lio Maia e Jaime Gama, respectivamente.<\/p>\n<p>No edif\u00edcio da antiga Capitania ser\u00e1 inaugurada, pelas 12h30, a exposi\u00e7\u00e3o documental \u201cJos\u00e9 Est\u00eav\u00e3o. Revolu\u00e7\u00e3o e Liberdade\u201d, comissariada por J\u00falio Rodrigues da Silva, com concep\u00e7\u00e3o de Francisco Vaz da Silva e organizada por Carla Ser\u00f4dio e Manuel Carvalho, mostra que ficar\u00e1 patente ao p\u00fablico at\u00e9 ao dia 12 de Janeiro de 2010.<\/p>\n<p>As comemora\u00e7\u00f5es oficiais do bicenten\u00e1rio do nascimento de Jos\u00e9 Est\u00eav\u00e3o iniciaram-se em Novembro, na Assembleia da Rep\u00fablica, com a apresenta\u00e7\u00e3o do livro \u201cJos\u00e9 Est\u00eav\u00e3o de Magalh\u00e3es. 1809 \u2013 1862. Biografia Parlamentar\u201d, e da estreia da pe\u00e7a de teatro \u201cO Peso das Raz\u00f5es\u201d, baseada num texto de Nuno J\u00fadice e encenada por Jorge Silva Melo, que tamb\u00e9m j\u00e1 subiu ao palco do Teatro Aveirense.<\/p>\n","protected":false},"excerpt":{"rendered":"<p>Hino ao tribuno aveirense, um livro e uma expos\u00e7\u00e3o s\u00e3o os principais eventos da homenagem S\u00e1bado, pelas 11 horas, ter\u00e1 in\u00edcio uma cerim\u00f3nia de homenagem a Jos\u00e9 Est\u00eav\u00e3o Coelho de Magalh\u00e3es, evento integrado nas comemora\u00e7\u00f5es do bicenten\u00e1rio do nascimento desse grande tribuno aveirense, promovidas pela C\u00e2mara Municipal de Aveiro e pela Assembleia da Rep\u00fablica. Pelas [&hellip;]<\/p>\n","protected":false},"author":1,"featured_media":0,"comment_status":"open","ping_status":"open","sticky":false,"template":"","format":"standard","meta":{"footnotes":""},"categories":[66],"tags":[],"class_list":["post-4628","post","type-post","status-publish","format-standard","hentry","category-cultura"],"_links":{"self":[{"href":"https:\/\/sites.ecclesia.pt\/cv\/wp-json\/wp\/v2\/posts\/4628","targetHints":{"allow":["GET"]}}],"collection":[{"href":"https:\/\/sites.ecclesia.pt\/cv\/wp-json\/wp\/v2\/posts"}],"about":[{"href":"https:\/\/sites.ecclesia.pt\/cv\/wp-json\/wp\/v2\/types\/post"}],"author":[{"embeddable":true,"href":"https:\/\/sites.ecclesia.pt\/cv\/wp-json\/wp\/v2\/users\/1"}],"replies":[{"embeddable":true,"href":"https:\/\/sites.ecclesia.pt\/cv\/wp-json\/wp\/v2\/comments?post=4628"}],"version-history":[{"count":0,"href":"https:\/\/sites.ecclesia.pt\/cv\/wp-json\/wp\/v2\/posts\/4628\/revisions"}],"wp:attachment":[{"href":"https:\/\/sites.ecclesia.pt\/cv\/wp-json\/wp\/v2\/media?parent=4628"}],"wp:term":[{"taxonomy":"category","embeddable":true,"href":"https:\/\/sites.ecclesia.pt\/cv\/wp-json\/wp\/v2\/categories?post=4628"},{"taxonomy":"post_tag","embeddable":true,"href":"https:\/\/sites.ecclesia.pt\/cv\/wp-json\/wp\/v2\/tags?post=4628"}],"curies":[{"name":"wp","href":"https:\/\/api.w.org\/{rel}","templated":true}]}}