{"id":4631,"date":"2006-04-03T14:44:00","date_gmt":"2006-04-03T14:44:00","guid":{"rendered":"http:\/\/localhost:81\/wp1\/?p=4631"},"modified":"2006-04-03T14:44:00","modified_gmt":"2006-04-03T14:44:00","slug":"joana-bate-palmas-por-eles","status":"publish","type":"post","link":"https:\/\/sites.ecclesia.pt\/cv\/joana-bate-palmas-por-eles\/","title":{"rendered":"Joana bate palmas por eles"},"content":{"rendered":"<p>67 distin\u00e7\u00f5es municipais <!--more--> Alberto Souto aproveitou o \u00faltimo 12 de Maio deste mandato aut\u00e1rquico para fazer o balan\u00e7o dos \u00faltimos quatro anos, em que \u201co pa\u00eds parou, mas Aveiro prosseguiu na senda do progresso\u201d. Criticando os que \u201ctomam a parte censur\u00e1vel pelo todo edificante\u201d, isto \u00e9, \u201cos encartados da maledic\u00eancia aut\u00e1rquica\u201d, o presidente da C\u00e2mara Municipal de Aveiro passou em revista as grandes obras do munic\u00edpio, do Parque de Feiras e Exposi\u00e7\u00f5es \u00e0 Pra\u00e7a do Peixe, da Capitania \u00e0 Casa da Cultura, do Parque Fonte Nova ao de S\u00e3o Roque, entre outras, tudo obras conclu\u00eddas neste segundo mandato de Alberto Souto. \u201cEm Aveiro, n\u00e3o se instalou a indiferen\u00e7a c\u00edvica que por vai dominando por a\u00ed\u201d. Por isso, este \u00e9 um \u201cmunic\u00edpio invejado e admirado\u201d, concluiu o autarca, n\u00e3o sem antes referir as empresas municipais criadas, o est\u00e1dio do Euro, ou os 315 km da rede de colectores (quando no in\u00edcio do mandato havia apenas 150 km) e os 80 novos quil\u00f3metros da rede vi\u00e1ria. <\/p>\n<p>Na sess\u00e3o solene foram homenageados 51 funcion\u00e1rios municipais e 16 pessoas ou institui\u00e7\u00f5es. Receberam medalha de cobre (15 anos de servi\u00e7o) 35 funcion\u00e1rios; medalha de prata (25 anos) 15 funcion\u00e1rios; e medalha de prata dourada (35 anos) 1 funcion\u00e1rio.  <\/p>\n<p>Nas palavras do presidente da c\u00e2mara, as pessoas e institui\u00e7\u00f5es distinguidas (ver coluna) s\u00e3o \u201crefer\u00eancias de sucesso na economia, na coes\u00e3o social da comunidade, na cria\u00e7\u00e3o de riqueza e na participa\u00e7\u00e3o c\u00edvica\u201d. \u201cJoana \u2013 disse Alberto Souto \u2013 deve estar a bater palmas de reconhecimento por eles\u201d.<\/p>\n<p>J.P.F.<\/p>\n<p>Condecora\u00e7\u00f5es Municipais<\/p>\n<p>Medalha de Prata<\/p>\n<p>Armando Manuel Dinis Vieira, presidente da Junta de freguesia de Oliveirinha e presidente da ANAFRE \u2013 Associa\u00e7\u00e3o Nacional de Freguesias.<\/p>\n<p>Ant\u00f3nio Manuel Pinto Soares Machado, coordenador do Centro Distrital de Opera\u00e7\u00f5es de Socorro de Aveiro do Servi\u00e7o Nacional de Bombeiros e Protec\u00e7\u00e3o Civil, ex-comandante dos Bombeiros Velhos.<\/p>\n<p>Rog\u00e9rio da Silva Leit\u00e3o, cardiologista, membro do Conselho Nacional de \u00c9tica e Deontologia da Ordem dos M\u00e9dicos, antigo presidente da Mesa da Assembleia Municipal de Aveiro.<\/p>\n<p>Manuel Arede de Jesus, com fun\u00e7\u00f5es aut\u00e1rquicas desde h\u00e1 25 anos e presidente de Junta de Freguesia de Nariz desde 1986.<\/p>\n<p>M\u00e9rito Desportivo<\/p>\n<p>Associa\u00e7\u00e3o Desportiva de Taboeira, com excelente palmar\u00e9s de t\u00edtulos e grande papel na forma\u00e7\u00e3o juvenil. Tem protocolos com o Beira-Mar, o Sporting, o Porto, o Boavista e a Acad\u00e9mica. Este ano organiza o maior torneio de futebol de forma\u00e7\u00e3o em Portugal.<\/p>\n<p>M\u00e9rito Empresarial<\/p>\n<p>Manuel Vieira Bacalhau, empres\u00e1rio no sector da obras p\u00fablicas, co-fundador da AICCOPN \u2013 Associa\u00e7\u00e3o dos industriais da Constru\u00e7\u00e3o Civil e obras P\u00fablicas.<\/p>\n<p>Celso Bernardo de Albuquerque, empres\u00e1rio da Novagr\u00e9s, uma das maiores produtoras nacionais de pavimentos e revestimentos cer\u00e2micos.<\/p>\n<p>Ant\u00f3nio da Cunha Lameiro, s\u00f3cio fundador da Diatosta, uma das primeiras produtoras de tostas a n\u00edvel europeu.<\/p>\n<p>M\u00e9rito Cultural<\/p>\n<p>Gon\u00e7alo M. Tavares, escritor, autor de 15 t\u00edtulos entre 2001 e 2005, recebeu recentemente o Pr\u00e9mio Ler Millennium\/ C\u00edrculo de Leitores.<\/p>\n<p>Cineclube de Aveiro, a comemorar 50 anos, baluarte da oferta alternativa de cinema \u00e0 cidade.<\/p>\n<p>Silvina da Silva Raimundo, pela sua relevante ac\u00e7\u00e3o na valoriza\u00e7\u00e3o, divulga\u00e7\u00e3o e prest\u00edgio dos ovos moles.<\/p>\n<p>M\u00e9rito C\u00edvico<\/p>\n<p>Zulmira Eneida de Sousa Silva e Christo Barreto Cerqueira, primeira mulher a assumir um cargo pol\u00edtico em Aveiro e dirigente de v\u00e1rias IPSS.<\/p>\n<p>Manuel Oliveira Pinho, 2\u00ba Comandante do Quadro de Honra dos Bombeiros Novos, a que pertence h\u00e1 45 anos, \u201cCrach\u00e1 de Ouro\u201d da Liga dos Bombeiros Portugueses.<\/p>\n<p>Ant\u00f3nio Tavares dos Santos, membro da direc\u00e7\u00e3o dos Bombeiros Velhos desde 1975 e de organismos como a Junta de Freguesia da Gl\u00f3ria, o Beira-Mar e a Associa\u00e7\u00e3o Comercial de Aveiro.<\/p>\n<p>M\u00e9rito Social<\/p>\n<p>Centro Social e Paroquial da Vera Cruz (ver not\u00edcia).<\/p>\n<p>M\u00e9rito Cient\u00edfico<\/p>\n<p>Instituto de Investiga\u00e7\u00e3o da Universidade de Aveiro, criado em 1984 pela UA, agrega 18 unidades de investiga\u00e7\u00e3o e 1200 investigadores.<\/p>\n","protected":false},"excerpt":{"rendered":"<p>67 distin\u00e7\u00f5es municipais<\/p>\n","protected":false},"author":1,"featured_media":0,"comment_status":"open","ping_status":"open","sticky":false,"template":"","format":"standard","meta":{"footnotes":""},"categories":[63],"tags":[],"class_list":["post-4631","post","type-post","status-publish","format-standard","hentry","category-aveiro"],"_links":{"self":[{"href":"https:\/\/sites.ecclesia.pt\/cv\/wp-json\/wp\/v2\/posts\/4631","targetHints":{"allow":["GET"]}}],"collection":[{"href":"https:\/\/sites.ecclesia.pt\/cv\/wp-json\/wp\/v2\/posts"}],"about":[{"href":"https:\/\/sites.ecclesia.pt\/cv\/wp-json\/wp\/v2\/types\/post"}],"author":[{"embeddable":true,"href":"https:\/\/sites.ecclesia.pt\/cv\/wp-json\/wp\/v2\/users\/1"}],"replies":[{"embeddable":true,"href":"https:\/\/sites.ecclesia.pt\/cv\/wp-json\/wp\/v2\/comments?post=4631"}],"version-history":[{"count":0,"href":"https:\/\/sites.ecclesia.pt\/cv\/wp-json\/wp\/v2\/posts\/4631\/revisions"}],"wp:attachment":[{"href":"https:\/\/sites.ecclesia.pt\/cv\/wp-json\/wp\/v2\/media?parent=4631"}],"wp:term":[{"taxonomy":"category","embeddable":true,"href":"https:\/\/sites.ecclesia.pt\/cv\/wp-json\/wp\/v2\/categories?post=4631"},{"taxonomy":"post_tag","embeddable":true,"href":"https:\/\/sites.ecclesia.pt\/cv\/wp-json\/wp\/v2\/tags?post=4631"}],"curies":[{"name":"wp","href":"https:\/\/api.w.org\/{rel}","templated":true}]}}