{"id":4632,"date":"2006-04-03T14:44:00","date_gmt":"2006-04-03T14:44:00","guid":{"rendered":"http:\/\/localhost:81\/wp1\/?p=4632"},"modified":"2006-04-03T14:44:00","modified_gmt":"2006-04-03T14:44:00","slug":"funcao-essencial-na-coesao-social","status":"publish","type":"post","link":"https:\/\/sites.ecclesia.pt\/cv\/funcao-essencial-na-coesao-social\/","title":{"rendered":"&#8220;Fun\u00e7\u00e3o essencial na coes\u00e3o social&#8221;"},"content":{"rendered":"<p>Medalha de M\u00e9rito Socialo para o Centro Social da Vera Cruz <!--more--> O Centro Social e Paroquial da Vera Cruz (CSPVC) recebeu a medalha de M\u00e9rito Social do Munic\u00edpio de Aveiro porque \u201ctem uma fun\u00e7\u00e3o essencial na coes\u00e3o social que queremos manter\u201d, disse Alberto Souto na sess\u00e3o solene, referindo que a obra foi fundada pelo Pe Fernandes e destacando val\u00eancias como o jardim-de-inf\u00e2ncia, a creche, o ATL, a protec\u00e7\u00e3o de crian\u00e7as e jovens em risco e a ac\u00e7\u00e3o junto dos imigrantes.<\/p>\n<p>Na documenta\u00e7\u00e3o dada \u00e0 imprensa, pode ler-se que a obra foi fundada em 1971 e apontam-se mais raz\u00f5es para o seu m\u00e9rito: \u201cAtento \u00e0s car\u00eancias sociais do conselho e verificando a necessidade de um maior apoio \u00e0 Fam\u00edlia, o Centro Social e Paroquial da Vera Cruz assumiu um projecto, a Casa Abrigo \u2018A VeraVida\u2019, que se integra na rede p\u00fablica de apoio \u00e0s v\u00edtimas de viol\u00eancia dom\u00e9stica\u201d.<\/p>\n<p>O documento acrescenta ainda que o CSPVC \u201c\u00e9 uma institui\u00e7\u00e3o credora de gratid\u00e3o dos fregueses da Vera Cruz e das freguesias vizinhas, pelo benef\u00edcio que tem feito a centenas de fam\u00edlias e suas crian\u00e7as, gra\u00e7as ao empenho dos seus dirigentes, funcion\u00e1rios e benfeitores\u201d. O Pe Joaquim Rocha, p\u00e1roco e presidente da direc\u00e7\u00e3o do CSPVC, recebeu a Medalha de M\u00e9rito Social devido ao \u201celevado servi\u00e7o prestado \u00e0 comunidade\u201d pela institui\u00e7\u00e3o.<\/p>\n","protected":false},"excerpt":{"rendered":"<p>Medalha de M\u00e9rito Socialo para o Centro Social da Vera Cruz<\/p>\n","protected":false},"author":1,"featured_media":0,"comment_status":"open","ping_status":"open","sticky":false,"template":"","format":"standard","meta":{"footnotes":""},"categories":[63],"tags":[],"class_list":["post-4632","post","type-post","status-publish","format-standard","hentry","category-aveiro"],"_links":{"self":[{"href":"https:\/\/sites.ecclesia.pt\/cv\/wp-json\/wp\/v2\/posts\/4632","targetHints":{"allow":["GET"]}}],"collection":[{"href":"https:\/\/sites.ecclesia.pt\/cv\/wp-json\/wp\/v2\/posts"}],"about":[{"href":"https:\/\/sites.ecclesia.pt\/cv\/wp-json\/wp\/v2\/types\/post"}],"author":[{"embeddable":true,"href":"https:\/\/sites.ecclesia.pt\/cv\/wp-json\/wp\/v2\/users\/1"}],"replies":[{"embeddable":true,"href":"https:\/\/sites.ecclesia.pt\/cv\/wp-json\/wp\/v2\/comments?post=4632"}],"version-history":[{"count":0,"href":"https:\/\/sites.ecclesia.pt\/cv\/wp-json\/wp\/v2\/posts\/4632\/revisions"}],"wp:attachment":[{"href":"https:\/\/sites.ecclesia.pt\/cv\/wp-json\/wp\/v2\/media?parent=4632"}],"wp:term":[{"taxonomy":"category","embeddable":true,"href":"https:\/\/sites.ecclesia.pt\/cv\/wp-json\/wp\/v2\/categories?post=4632"},{"taxonomy":"post_tag","embeddable":true,"href":"https:\/\/sites.ecclesia.pt\/cv\/wp-json\/wp\/v2\/tags?post=4632"}],"curies":[{"name":"wp","href":"https:\/\/api.w.org\/{rel}","templated":true}]}}