{"id":4639,"date":"2006-04-03T14:44:00","date_gmt":"2006-04-03T14:44:00","guid":{"rendered":"http:\/\/localhost:81\/wp1\/?p=4639"},"modified":"2006-04-03T14:44:00","modified_gmt":"2006-04-03T14:44:00","slug":"oito-praias-com-bandeira-azul","status":"publish","type":"post","link":"https:\/\/sites.ecclesia.pt\/cv\/oito-praias-com-bandeira-azul\/","title":{"rendered":"Oito praias com bandeira azul"},"content":{"rendered":"<p>No distrito de Aveiro <!--more--> No ver\u00e3o que se aproxima, o distrito de Aveiro ter\u00e1 oito praias com bandeira azul, mais tr\u00eas do que em 2004. Tamb\u00e9m a n\u00edvel nacional, este ano foram mais sessenta as praias galardoadas com essa bandeira: 131, no ano passado, para as actuais 191.<\/p>\n<p>Cortega\u00e7a e Esmoriz, no concelho de Ovar, e Frente Azul, em Espinho, s\u00e3o as tr\u00eas praias do distrito que este ano passam a ter bandeira azul, e que se juntam \u00e0s praias da Ba\u00eda (Espinho), Furadouro (Ovar), Barra e Consta Nova (\u00cdlhavo), e Vagueira (Vagos), que j\u00e1 possu\u00edam esse galard\u00e3o no ver\u00e3o passado.<\/p>\n<p>De referir que a praia da Torreira, no concelho da Murtosa, por motivos pr\u00f3prios, n\u00e3o se candidatou \u00e0 bandeira azul, apesar de ter condi\u00e7\u00f5es para a receber. Como a praia de S\u00e3o Jacinto continua sem bandeira azul, o concelho de Aveiro \u00e9 o \u00fanico munic\u00edpio do litoral aveirense sem qualquer praia com esse galard\u00e3o ambiental.<\/p>\n<p>A bandeira azul premeia as zonas balneares que cumpram uma s\u00e9rie de requisitos de qualidade, tanto a n\u00edvel ambiental, como de seguran\u00e7a, de higiene e de conforto dos veraneantes.<\/p>\n","protected":false},"excerpt":{"rendered":"<p>No distrito de Aveiro<\/p>\n","protected":false},"author":1,"featured_media":0,"comment_status":"open","ping_status":"open","sticky":false,"template":"","format":"standard","meta":{"footnotes":""},"categories":[45],"tags":[],"class_list":["post-4639","post","type-post","status-publish","format-standard","hentry","category-regioes"],"_links":{"self":[{"href":"https:\/\/sites.ecclesia.pt\/cv\/wp-json\/wp\/v2\/posts\/4639","targetHints":{"allow":["GET"]}}],"collection":[{"href":"https:\/\/sites.ecclesia.pt\/cv\/wp-json\/wp\/v2\/posts"}],"about":[{"href":"https:\/\/sites.ecclesia.pt\/cv\/wp-json\/wp\/v2\/types\/post"}],"author":[{"embeddable":true,"href":"https:\/\/sites.ecclesia.pt\/cv\/wp-json\/wp\/v2\/users\/1"}],"replies":[{"embeddable":true,"href":"https:\/\/sites.ecclesia.pt\/cv\/wp-json\/wp\/v2\/comments?post=4639"}],"version-history":[{"count":0,"href":"https:\/\/sites.ecclesia.pt\/cv\/wp-json\/wp\/v2\/posts\/4639\/revisions"}],"wp:attachment":[{"href":"https:\/\/sites.ecclesia.pt\/cv\/wp-json\/wp\/v2\/media?parent=4639"}],"wp:term":[{"taxonomy":"category","embeddable":true,"href":"https:\/\/sites.ecclesia.pt\/cv\/wp-json\/wp\/v2\/categories?post=4639"},{"taxonomy":"post_tag","embeddable":true,"href":"https:\/\/sites.ecclesia.pt\/cv\/wp-json\/wp\/v2\/tags?post=4639"}],"curies":[{"name":"wp","href":"https:\/\/api.w.org\/{rel}","templated":true}]}}