{"id":4649,"date":"2006-04-03T14:44:00","date_gmt":"2006-04-03T14:44:00","guid":{"rendered":"http:\/\/localhost:81\/wp1\/?p=4649"},"modified":"2006-04-03T14:44:00","modified_gmt":"2006-04-03T14:44:00","slug":"apelo-urgente","status":"publish","type":"post","link":"https:\/\/sites.ecclesia.pt\/cv\/apelo-urgente\/","title":{"rendered":"Apelo Urgente*"},"content":{"rendered":"<p>Direitos Humanos <!--more--> Uma not\u00edcia no jornal de ontem deixou-me completamente estarrecido. A manchete dizia \u201cJ\u00e1 morreram 21 crian\u00e7as ind\u00edgenas v\u00edtimas da desnutri\u00e7\u00e3o e do descaso no Mato Grosso do Sul\u201d. <\/p>\n<p>Provavelmente o sucedido n\u00e3o causar\u00e1 muito espanto, uma vez que, infelizmente, a opini\u00e3o p\u00fablica tem-se rendido \u00e0 inevitabilidade do fen\u00f3meno da mortalidade infantil nos pa\u00edses \u201cem desenvolvimento\u201d.<\/p>\n<p>Por\u00e9m, pessoalmente, a not\u00edcia chocou-me, n\u00e3o s\u00f3 por dizer respeito a uma causa que me \u00e9 muito querida \u2013 a causa ind\u00edgena \u2013 mas tamb\u00e9m por ocorrer numa diocese onde os nossos Mission\u00e1rios da Boa Nova trabalham: Dourados, no estado do Mato Grosso do Sul.<\/p>\n<p>Os amer\u00edndios que a\u00ed vivem, principalmente os que pertencem \u00e0 na\u00e7\u00e3o Kaiow\u00e1, vivem numas condi\u00e7\u00f5es deplor\u00e1veis. Como se n\u00e3o bastassem os mais de cinco s\u00e9culos de viola\u00e7\u00e3o dos direitos dos povos ind\u00edgenas, essa na\u00e7\u00e3o tem que partilhar uma Reserva com a na\u00e7\u00e3o Guarani. S\u00e3o mais de 12 mil amer\u00edndios para uma \u00e1rea inferior a 3500 hectares!<\/p>\n<p>Acabam todos por se ver confinados a um espa\u00e7o extremamente ex\u00edguo, v\u00edtimas perp\u00e9tuas de uma situa\u00e7\u00e3o de roubo e destrui\u00e7\u00e3o dos territ\u00f3rios tradicionais, que massacra os ind\u00edgenas americanos, desde a chegada dos europeus. Hoje em dia, os habitats originais daquelas popula\u00e7\u00f5es \u2013 onde podiam viver, ca\u00e7ar, pescar, colher os alimentos, a mat\u00e9ria-prima para os seus artefactos e habita\u00e7\u00f5es \u2013 s\u00e3o destru\u00eddos pelos madeireiros, pelos fazendeiros e pelas grandes empresas agr\u00edcolas que a\u00ed se instalam.<\/p>\n<p>\u00c9 f\u00e1cil deduzir como tem sido a falta de terra, e a consequente car\u00eancia na estrutura de produ\u00e7\u00e3o de alimentos, que tem levado \u00e0 situa\u00e7\u00e3o de desnutri\u00e7\u00e3o generalizada das crian\u00e7as daquelas \u00e1reas ind\u00edgenas. Tudo isso, obviamente, agravado pela deficiente estrutura sanit\u00e1ria em que vivem os ind\u00edgenas de Dourados e que, infelizmente, veio levar \u00e0 morte, s\u00f3 nestes \u00faltimos meses, 21 crian\u00e7as com idade inferior a cinco anos de idade, v\u00edtimas de leptospirose, diarreia e contamina\u00e7\u00f5es intestinais!<\/p>\n<p>Qualquer morte \u00e9 chocante, mas a morte de crian\u00e7as (ind\u00edgenas), motivada pelo descaso a que s\u00e3o sujeitas pelos poderes oficiais (e oficializados!), revolta qualquer ser humano com cora\u00e7\u00e3o. Por isso, hoje gostaria de deixar clara a minha indigna\u00e7\u00e3o e complement\u00e1-la com um apelo urgente: que se possa aceder \u00e0 p\u00e1gina do Conselho Indigenista Mission\u00e1rio &#8211; \u00f3rg\u00e3o da Igreja Cat\u00f3lica no Brasil, que trata da causa ind\u00edgena \u2013 e participar na campanha em favor do respeito aos direitos dos povos ind\u00edgenas. www.cimi.org. br  <\/p>\n<p>Porque as nossas consci\u00eancias n\u00e3o podem ficar tranquilas!<\/p>\n<p>*O t\u00edtulo e o conte\u00fado desta pequena cr\u00f3nica t\u00eam um car\u00e1cter, propositadamente, alarmista, porque a situa\u00e7\u00e3o, a que ela se refere, \u00e9 t\u00e3o grave quanto \u00e9 urgente a necessidade de a reverter.<\/p>\n","protected":false},"excerpt":{"rendered":"<p>Direitos Humanos<\/p>\n","protected":false},"author":1,"featured_media":0,"comment_status":"open","ping_status":"open","sticky":false,"template":"","format":"standard","meta":{"footnotes":""},"categories":[66],"tags":[],"class_list":["post-4649","post","type-post","status-publish","format-standard","hentry","category-cultura"],"_links":{"self":[{"href":"https:\/\/sites.ecclesia.pt\/cv\/wp-json\/wp\/v2\/posts\/4649","targetHints":{"allow":["GET"]}}],"collection":[{"href":"https:\/\/sites.ecclesia.pt\/cv\/wp-json\/wp\/v2\/posts"}],"about":[{"href":"https:\/\/sites.ecclesia.pt\/cv\/wp-json\/wp\/v2\/types\/post"}],"author":[{"embeddable":true,"href":"https:\/\/sites.ecclesia.pt\/cv\/wp-json\/wp\/v2\/users\/1"}],"replies":[{"embeddable":true,"href":"https:\/\/sites.ecclesia.pt\/cv\/wp-json\/wp\/v2\/comments?post=4649"}],"version-history":[{"count":0,"href":"https:\/\/sites.ecclesia.pt\/cv\/wp-json\/wp\/v2\/posts\/4649\/revisions"}],"wp:attachment":[{"href":"https:\/\/sites.ecclesia.pt\/cv\/wp-json\/wp\/v2\/media?parent=4649"}],"wp:term":[{"taxonomy":"category","embeddable":true,"href":"https:\/\/sites.ecclesia.pt\/cv\/wp-json\/wp\/v2\/categories?post=4649"},{"taxonomy":"post_tag","embeddable":true,"href":"https:\/\/sites.ecclesia.pt\/cv\/wp-json\/wp\/v2\/tags?post=4649"}],"curies":[{"name":"wp","href":"https:\/\/api.w.org\/{rel}","templated":true}]}}