{"id":4650,"date":"2006-04-03T14:44:00","date_gmt":"2006-04-03T14:44:00","guid":{"rendered":"http:\/\/localhost:81\/wp1\/?p=4650"},"modified":"2006-04-03T14:44:00","modified_gmt":"2006-04-03T14:44:00","slug":"esta-bem","status":"publish","type":"post","link":"https:\/\/sites.ecclesia.pt\/cv\/esta-bem\/","title":{"rendered":"Est\u00e1 bem!"},"content":{"rendered":"<p>Ponta de Lan\u00e7a <!--more--> H\u00e1 muito anunciados \u2013 j\u00e1 passaram dois Governos, vamos no terceiro \u2013 os programas \u201cPolis\u201d v\u00e3o aparecendo \u00e0 luz do dia.<\/p>\n<p>Um pouco por todo o lado, a partir 18 de Novembro de 1999, as cidades, dezoito, para sermos mais precisos, lan\u00e7aram m\u00e3os \u00e0 obra na urbe, incentivadas pelo ent\u00e3o Ministro do Ambiente e do Ordenamento do Territ\u00f3rio, Eng\u00ba Jos\u00e9 S\u00f3crates.<\/p>\n<p>Depois dos enormes contadores do tempo, que foram caindo aos bocados, a quem deixaram gastar a \u201cpilha\u201d ao ponto de se tornarem inest\u00e9ticos, os objectivos iniciais parecem concretizar-se: a requalifica\u00e7\u00e3o urbana e valoriza\u00e7\u00e3o ambiental das cidades;  diferentes tipos de projecto, incluindo iniciativas estruturantes ou de efeito demonstrativo; viabiliza\u00e7\u00e3o de um programa potencializador dos recursos e solu\u00e7\u00f5es locais.<\/p>\n<p>Aveiro, chegou-se \u00e0 frente, ganhou terreno e a\u00ed est\u00e1 uma mais valia ao servi\u00e7o dos cidad\u00e3os. Est\u00e1 bonito, bem desenhado, um excelente cart\u00e3o de visita para quem chega ou simplesmente passa pela cidade atrav\u00e9s do IP5. Parab\u00e9ns a quem idealizou e conduziu o projecto.<\/p>\n<p>Mas parab\u00e9ns tamb\u00e9m a outros projectos mesmo fora do \u201cPolis\u201d (\u00c1gueda, Oliveira do Bairro, Vagos, \u00cdlhavo \u2013 quanta import\u00e2ncia ter\u00e1 o Centro Cultural em breve?! \u2013 Anadia, Sever do Vouga, Estarreja, Murtosa, Albergaria, Ovar,\u2026)  que enobrecem as cidades em toda sua plenitude, restaurando patrim\u00f3nio, descobrindo origens, dignificando espa\u00e7os, rasgando jardins, etc. etc, sempre com o sentido ambiental, da beleza, da est\u00e9tica.<\/p>\n<p>Ent\u00e3o e onde \u00e9 que entra o desporto!?<\/p>\n<p>Nisto tudo! Em todos os espa\u00e7os que permitem devolver a possibilidade dos cidad\u00e3os, neste m\u00eas do cora\u00e7\u00e3o, por exemplo, poderem tranquila e temperadoramente caminhar um pouco; dar uma volta de bicicleta, \u201cesticar as pernas\u201d,\u2026 respirar!<\/p>\n<p>Desportivamente\u2026 pelo desporto!<\/p>\n","protected":false},"excerpt":{"rendered":"<p>Ponta de Lan\u00e7a<\/p>\n","protected":false},"author":1,"featured_media":0,"comment_status":"open","ping_status":"open","sticky":false,"template":"","format":"standard","meta":{"footnotes":""},"categories":[46],"tags":[],"class_list":["post-4650","post","type-post","status-publish","format-standard","hentry","category-desporto"],"_links":{"self":[{"href":"https:\/\/sites.ecclesia.pt\/cv\/wp-json\/wp\/v2\/posts\/4650","targetHints":{"allow":["GET"]}}],"collection":[{"href":"https:\/\/sites.ecclesia.pt\/cv\/wp-json\/wp\/v2\/posts"}],"about":[{"href":"https:\/\/sites.ecclesia.pt\/cv\/wp-json\/wp\/v2\/types\/post"}],"author":[{"embeddable":true,"href":"https:\/\/sites.ecclesia.pt\/cv\/wp-json\/wp\/v2\/users\/1"}],"replies":[{"embeddable":true,"href":"https:\/\/sites.ecclesia.pt\/cv\/wp-json\/wp\/v2\/comments?post=4650"}],"version-history":[{"count":0,"href":"https:\/\/sites.ecclesia.pt\/cv\/wp-json\/wp\/v2\/posts\/4650\/revisions"}],"wp:attachment":[{"href":"https:\/\/sites.ecclesia.pt\/cv\/wp-json\/wp\/v2\/media?parent=4650"}],"wp:term":[{"taxonomy":"category","embeddable":true,"href":"https:\/\/sites.ecclesia.pt\/cv\/wp-json\/wp\/v2\/categories?post=4650"},{"taxonomy":"post_tag","embeddable":true,"href":"https:\/\/sites.ecclesia.pt\/cv\/wp-json\/wp\/v2\/tags?post=4650"}],"curies":[{"name":"wp","href":"https:\/\/api.w.org\/{rel}","templated":true}]}}