{"id":4651,"date":"2006-04-03T14:44:00","date_gmt":"2006-04-03T14:44:00","guid":{"rendered":"http:\/\/localhost:81\/wp1\/?p=4651"},"modified":"2006-04-03T14:44:00","modified_gmt":"2006-04-03T14:44:00","slug":"mano-nunes-esta-de-saida","status":"publish","type":"post","link":"https:\/\/sites.ecclesia.pt\/cv\/mano-nunes-esta-de-saida\/","title":{"rendered":"Mano Nunes est\u00e1 de sa\u00edda"},"content":{"rendered":"<p>SC Braga 1 \u2013 SC Beira-Mar 1 <!--more--> As circunst\u00e2ncias:<\/p>\n<p>Est\u00e1dio Municipal de Braga; 14 de Maio de 05; SC Braga 1 \u2013 SC Beira-Mar 1; Arbitro: Ant\u00f3nio Costa<\/p>\n<p>De cabe\u00e7a erguida:<\/p>\n<p>Corre pela regi\u00e3o a ideia de que, se In\u00e1cio tivesse ingressado mais cedo, o desfecho seria outro. Mais uma vez se viu, uma equipa personalizada, com capacidade para ombrear com os melhores da SuperLiga!<\/p>\n<p>O Presente:<\/p>\n<p>In\u00e1cio come\u00e7ou a preparar a pr\u00f3xima \u00e9poca. Dando a indica\u00e7\u00e3o que a aposta ser\u00e1 para continuar. Se h\u00e1 descidas de divis\u00e3o que marcam a carreira de um treinador, esta ser\u00e1 uma delas. In\u00e1cio sabia do desafio, conforme afirmou. Mas quem tiver mem\u00f3ria, dar\u00e1 o m\u00e9rito ao campe\u00e3o nacional: Falhou (parece) por pouco!<\/p>\n<p>O Futuro I:<\/p>\n<p>Manuel Mada\u00edl, presidente da AG, j\u00e1 deu provimento ao pedido de demiss\u00e3o de Mano Nunes, devendo marcar a assembleia eleitoral, a realizar no pr\u00f3ximo m\u00eas, ainda durante esta semana.<\/p>\n<p>O Futuro II:<\/p>\n<p>Depois de definida a situa\u00e7\u00e3o desportiva, come\u00e7a a corrida \u00e0 presid\u00eancia. Mano Nunes cumpriu, ao demitir-se. Marques da Silva foi o primeiro candidato a apresentar a inten\u00e7\u00e3o de se candidatar. Artur Filipe, derrotado das \u00faltimas elei\u00e7\u00f5es, apresentou, tamb\u00e9m, a sua candidatura. <\/p>\n<p>De sa\u00edda (?):<\/p>\n<p>Mano Nunes sai ao fim de 10 anos. Quem n\u00e3o se lembra daquele clube em que ningu\u00e9m queria pegar? Daquele clube que caminhava pelas ruas da amargura? Foi Mano Nunes e a sua equipa que deram novo \u00e2nimo! O Beira-Mar \u00e9 dos poucos clubes que apresenta um saldo positivo, h\u00e1 6 anos consecutivos! No entanto, nem tudo foram rosas. Alguns erros foram cometidos, \u201cPor amor\u201d ao clube, segundo o presidente demission\u00e1rio.<\/p>\n","protected":false},"excerpt":{"rendered":"<p>SC Braga 1 \u2013 SC Beira-Mar 1<\/p>\n","protected":false},"author":1,"featured_media":0,"comment_status":"open","ping_status":"open","sticky":false,"template":"","format":"standard","meta":{"footnotes":""},"categories":[46],"tags":[],"class_list":["post-4651","post","type-post","status-publish","format-standard","hentry","category-desporto"],"_links":{"self":[{"href":"https:\/\/sites.ecclesia.pt\/cv\/wp-json\/wp\/v2\/posts\/4651","targetHints":{"allow":["GET"]}}],"collection":[{"href":"https:\/\/sites.ecclesia.pt\/cv\/wp-json\/wp\/v2\/posts"}],"about":[{"href":"https:\/\/sites.ecclesia.pt\/cv\/wp-json\/wp\/v2\/types\/post"}],"author":[{"embeddable":true,"href":"https:\/\/sites.ecclesia.pt\/cv\/wp-json\/wp\/v2\/users\/1"}],"replies":[{"embeddable":true,"href":"https:\/\/sites.ecclesia.pt\/cv\/wp-json\/wp\/v2\/comments?post=4651"}],"version-history":[{"count":0,"href":"https:\/\/sites.ecclesia.pt\/cv\/wp-json\/wp\/v2\/posts\/4651\/revisions"}],"wp:attachment":[{"href":"https:\/\/sites.ecclesia.pt\/cv\/wp-json\/wp\/v2\/media?parent=4651"}],"wp:term":[{"taxonomy":"category","embeddable":true,"href":"https:\/\/sites.ecclesia.pt\/cv\/wp-json\/wp\/v2\/categories?post=4651"},{"taxonomy":"post_tag","embeddable":true,"href":"https:\/\/sites.ecclesia.pt\/cv\/wp-json\/wp\/v2\/tags?post=4651"}],"curies":[{"name":"wp","href":"https:\/\/api.w.org\/{rel}","templated":true}]}}