{"id":4654,"date":"2006-04-03T14:44:00","date_gmt":"2006-04-03T14:44:00","guid":{"rendered":"http:\/\/localhost:81\/wp1\/?p=4654"},"modified":"2006-04-03T14:44:00","modified_gmt":"2006-04-03T14:44:00","slug":"frases-da-semana","status":"publish","type":"post","link":"https:\/\/sites.ecclesia.pt\/cv\/frases-da-semana\/","title":{"rendered":"Frases da Semana"},"content":{"rendered":"<p>Portugal desce seus lugares no ranking da competitividade, passando a ocupar a 45\u00aa posi\u00e7\u00e3o, num total de 60 pa\u00edses.<\/p>\n<p>Di\u00e1rio de Not\u00edcias, 12-05-05<\/p>\n<p>O interesse dos russos pela final da Ta\u00e7a UEFA \u00e9 tal que n\u00e3o foi preciso promover os hot\u00e9is de Lisboa em Moscovo. As suites de 600 \u20ac 2500 \u20ac (&#8230;) foras as primeiras a esgotar.<\/p>\n<p>Expresso, 14-05-05<\/p>\n<p>N\u00e3o passar\u00e1 de um perversa coincid\u00eancia, mas a pr\u00e1tica mostra ao cidad\u00e3o comum que, quando o Governo \u00e9 de direita, os processos judiciais mais medi\u00e1ticos atingem a esquerda e, quando o poder \u00e9 de esquerda, os visados est\u00e3o \u00e0 direita.<\/p>\n<p>Miguel Coutinho<\/p>\n<p>Di\u00e1rio de Not\u00edcias, 16-06-05<\/p>\n<p>A \u2018praga do sobreiro\u2019 abateu-se sobre a classe pol\u00edtica ind\u00edgena.<\/p>\n<p>Carlos Ferreira Madeira<\/p>\n<p>O Independentes, 13-05-05<\/p>\n<p>Quando o Governo diz que quer resolver a quest\u00e3o [do aborto] por referendo, significa que haver\u00e1 tantos referendos at\u00e9 que a sua opini\u00e3o ganhe.<\/p>\n<p>Jo\u00e3o C\u00e9sar das Neves, <\/p>\n<p>16-05-05<\/p>\n<p>Alguns torcion\u00e1rios nazis era grandes mel\u00f3manos. E in\u00fameros m\u00fasicos, pintores, poetas, romancistas de primeiro plano, como pessoas foram aut\u00eanticos estafermos, gente de baixo estofo moral. A cultura \u00e9 algo excelente, claro, Mas, s\u00f3 por si s\u00f3, ela n\u00e3o defende ningu\u00e9m do mal. At\u00e9 pode refinar o mal. Quem espera da cultura a perfei\u00e7\u00e3o moral engana-se. O belo e o bem talvez se encontrem algures. Mas, pelo menos por enquanto, elas n\u00e3o coincidem neste mundo.<\/p>\n<p>Francisco Sarsfield Cabral<\/p>\n<p>Di\u00e1rio de Not\u00edcias, 16-05-05<\/p>\n<p>H\u00e1, e sempre houve, em Portugal, um contra-senso b\u00e1sico. Por um lado, toda a gente se queixa constantemente de tudo e toda gente espera tudo do Estado. Por outro, toda a gente despreza o Estado e n\u00e3o est\u00e1 longe de o achar uma esp\u00e9cie mort\u00edfera de associa\u00e7\u00e3o criminosa. (&#8230;) Ningu\u00e9m acredita nas leis e nos tribunais. Para o cidad\u00e3o comum, o Estado n\u00e3o passa de um enorme conluio para o prejudicar, a benef\u00edcio de v\u00e1rias categorias de mal-feitores, que, por \u00ednvios caminhos, arranjem maneira de \u201ccomer\u201d.<\/p>\n<p>Vasco Pulido Valente<\/p>\n<p>P\u00fablico, 15-05-05<\/p>\n<p>N\u00famero de pessoas (passageiros e tripula\u00e7\u00e3o) que morreram na sequ\u00eancia de desastres de avia\u00e7\u00e3o em 2004 no mundo inteiro: 428.<\/p>\n<p>N\u00famero de pessoas que morreram na sequ\u00eancia de desastres de via\u00e7\u00e3o em 2004 no s distritos de Lisboa, Porto, Braga e Aveiro: 428.<\/p>\n<p>Revista P\u00fablica, 15-05-05<\/p>\n","protected":false},"excerpt":{"rendered":"<p>Portugal desce seus lugares no ranking da competitividade, passando a ocupar a 45\u00aa posi\u00e7\u00e3o, num total de 60 pa\u00edses. Di\u00e1rio de Not\u00edcias, 12-05-05 O interesse dos russos pela final da Ta\u00e7a UEFA \u00e9 tal que n\u00e3o foi preciso promover os hot\u00e9is de Lisboa em Moscovo. As suites de 600 \u20ac 2500 \u20ac (&#8230;) foras as [&hellip;]<\/p>\n","protected":false},"author":1,"featured_media":0,"comment_status":"open","ping_status":"open","sticky":false,"template":"","format":"standard","meta":{"footnotes":""},"categories":[62],"tags":[],"class_list":["post-4654","post","type-post","status-publish","format-standard","hentry","category-opiniao"],"_links":{"self":[{"href":"https:\/\/sites.ecclesia.pt\/cv\/wp-json\/wp\/v2\/posts\/4654","targetHints":{"allow":["GET"]}}],"collection":[{"href":"https:\/\/sites.ecclesia.pt\/cv\/wp-json\/wp\/v2\/posts"}],"about":[{"href":"https:\/\/sites.ecclesia.pt\/cv\/wp-json\/wp\/v2\/types\/post"}],"author":[{"embeddable":true,"href":"https:\/\/sites.ecclesia.pt\/cv\/wp-json\/wp\/v2\/users\/1"}],"replies":[{"embeddable":true,"href":"https:\/\/sites.ecclesia.pt\/cv\/wp-json\/wp\/v2\/comments?post=4654"}],"version-history":[{"count":0,"href":"https:\/\/sites.ecclesia.pt\/cv\/wp-json\/wp\/v2\/posts\/4654\/revisions"}],"wp:attachment":[{"href":"https:\/\/sites.ecclesia.pt\/cv\/wp-json\/wp\/v2\/media?parent=4654"}],"wp:term":[{"taxonomy":"category","embeddable":true,"href":"https:\/\/sites.ecclesia.pt\/cv\/wp-json\/wp\/v2\/categories?post=4654"},{"taxonomy":"post_tag","embeddable":true,"href":"https:\/\/sites.ecclesia.pt\/cv\/wp-json\/wp\/v2\/tags?post=4654"}],"curies":[{"name":"wp","href":"https:\/\/api.w.org\/{rel}","templated":true}]}}