{"id":4657,"date":"2006-04-03T14:44:00","date_gmt":"2006-04-03T14:44:00","guid":{"rendered":"http:\/\/localhost:81\/wp1\/?p=4657"},"modified":"2006-04-03T14:44:00","modified_gmt":"2006-04-03T14:44:00","slug":"nunca-se-ouviu-dizer","status":"publish","type":"post","link":"https:\/\/sites.ecclesia.pt\/cv\/nunca-se-ouviu-dizer\/","title":{"rendered":"Nunca se ouviu dizer&#8230;"},"content":{"rendered":"<p>Lembrai-Vos, \u00f3 pi\u00edssima Virgem Maria,<\/p>\n<p>que nunca se ouviu dizer<\/p>\n<p>que algum daqueles que t\u00eam recorrido \u00e0 vossa protec\u00e7\u00e3o,<\/p>\n<p>implorado a vossa assist\u00eancia, e reclamado o vosso socorro,<\/p>\n<p>fosse por V\u00f3s desamparado.<\/p>\n<p>Animado eu, pois,<\/p>\n<p>de igual confian\u00e7a,<\/p>\n<p>a V\u00f3s, Virgem entre todas singular,<\/p>\n<p>como a M\u00e3e recorro,<\/p>\n<p>de V\u00f3s me valho e,<\/p>\n<p>gemendo sob o peso dos meus pecados,<\/p>\n<p>me prosto aos Vossos p\u00e9s.<\/p>\n<p>N\u00e3o desprezeis as minhas s\u00faplicas,<\/p>\n<p>\u00f3 M\u00e3e do Filho de Deus humanado,<\/p>\n<p>mas dignai-Vos de as ouvir prop\u00edcia<\/p>\n<p>e de me alcan\u00e7ar o que Vos rogo. Am\u00e9n.<\/p>\n<p>Bernardo de Claraval<\/p>\n<p>Bernardo de Claraval nasceu em 1190 e morreu em 1153 (20 de Agosto). Foi um grande reformador da Ordem de Cister e uma dos maiores vultos da Idade M\u00e9dia. A sua teologia canta o amor de Deus pelo Homem e o do Homem por Deus. Da sua devo\u00e7\u00e3o por Nossa Senhora ficou esta ora\u00e7\u00e3o que muitas pessoas sabem de cor.<\/p>\n","protected":false},"excerpt":{"rendered":"<p>Lembrai-Vos, \u00f3 pi\u00edssima Virgem Maria, que nunca se ouviu dizer que algum daqueles que t\u00eam recorrido \u00e0 vossa protec\u00e7\u00e3o, implorado a vossa assist\u00eancia, e reclamado o vosso socorro, fosse por V\u00f3s desamparado. Animado eu, pois, de igual confian\u00e7a, a V\u00f3s, Virgem entre todas singular, como a M\u00e3e recorro, de V\u00f3s me valho e, gemendo sob [&hellip;]<\/p>\n","protected":false},"author":1,"featured_media":0,"comment_status":"open","ping_status":"open","sticky":false,"template":"","format":"standard","meta":{"footnotes":""},"categories":[62],"tags":[],"class_list":["post-4657","post","type-post","status-publish","format-standard","hentry","category-opiniao"],"_links":{"self":[{"href":"https:\/\/sites.ecclesia.pt\/cv\/wp-json\/wp\/v2\/posts\/4657","targetHints":{"allow":["GET"]}}],"collection":[{"href":"https:\/\/sites.ecclesia.pt\/cv\/wp-json\/wp\/v2\/posts"}],"about":[{"href":"https:\/\/sites.ecclesia.pt\/cv\/wp-json\/wp\/v2\/types\/post"}],"author":[{"embeddable":true,"href":"https:\/\/sites.ecclesia.pt\/cv\/wp-json\/wp\/v2\/users\/1"}],"replies":[{"embeddable":true,"href":"https:\/\/sites.ecclesia.pt\/cv\/wp-json\/wp\/v2\/comments?post=4657"}],"version-history":[{"count":0,"href":"https:\/\/sites.ecclesia.pt\/cv\/wp-json\/wp\/v2\/posts\/4657\/revisions"}],"wp:attachment":[{"href":"https:\/\/sites.ecclesia.pt\/cv\/wp-json\/wp\/v2\/media?parent=4657"}],"wp:term":[{"taxonomy":"category","embeddable":true,"href":"https:\/\/sites.ecclesia.pt\/cv\/wp-json\/wp\/v2\/categories?post=4657"},{"taxonomy":"post_tag","embeddable":true,"href":"https:\/\/sites.ecclesia.pt\/cv\/wp-json\/wp\/v2\/tags?post=4657"}],"curies":[{"name":"wp","href":"https:\/\/api.w.org\/{rel}","templated":true}]}}