{"id":4659,"date":"2006-04-03T14:44:00","date_gmt":"2006-04-03T14:44:00","guid":{"rendered":"http:\/\/localhost:81\/wp1\/?p=4659"},"modified":"2006-04-03T14:44:00","modified_gmt":"2006-04-03T14:44:00","slug":"arete-da-comunicacao","status":"publish","type":"post","link":"https:\/\/sites.ecclesia.pt\/cv\/arete-da-comunicacao\/","title":{"rendered":"Arete da comunica\u00e7\u00e3o"},"content":{"rendered":"<p>Olho de Lince <!--more--> A noite era do pirilampo m\u00e1gico. O espect\u00e1culo j\u00e1 de si \u00e9 positivo, pela solidariedade que o motiva. Mas as circunst\u00e2ncias que me chamaram a aten\u00e7\u00e3o trazem-lhe um valor acrescentado.<\/p>\n<p>A cantora irradiava uma alegria, que me n\u00e3o pareceu de conveni\u00eancia, mas antes de autenticidade. E sobretudo desdobrava a graciosidade da melodia e da letra com uma gesticula\u00e7\u00e3o diferente: n\u00e3o fazia a coreografia sem sentido, quantas vezes m\u00e1scara da falta de conte\u00fado art\u00edstico; envolvia-se da linguagem gestual, a permitir assim a entrada nos olhos e no cora\u00e7\u00e3o daqueles que se v\u00eaem privados do ouvido e da fala.<\/p>\n<p>Num mundo de avalanches de informa\u00e7\u00e3o, onde tantas vezes se vive a mais profunda esterilidade de comunica\u00e7\u00e3o, estas s\u00e3o verdadeiras manifesta\u00e7\u00f5es do Esp\u00edrito, num bem conseguido servi\u00e7o de encontro m\u00fatuo. Com arte, entusiasmo e dedica\u00e7\u00e3o se faz a proximidade e a partilha, mesmo por entre obst\u00e1culos s\u00e9rios.<\/p>\n","protected":false},"excerpt":{"rendered":"<p>Olho de Lince<\/p>\n","protected":false},"author":1,"featured_media":0,"comment_status":"open","ping_status":"open","sticky":false,"template":"","format":"standard","meta":{"footnotes":""},"categories":[48],"tags":[],"class_list":["post-4659","post","type-post","status-publish","format-standard","hentry","category-espaco-comum"],"_links":{"self":[{"href":"https:\/\/sites.ecclesia.pt\/cv\/wp-json\/wp\/v2\/posts\/4659","targetHints":{"allow":["GET"]}}],"collection":[{"href":"https:\/\/sites.ecclesia.pt\/cv\/wp-json\/wp\/v2\/posts"}],"about":[{"href":"https:\/\/sites.ecclesia.pt\/cv\/wp-json\/wp\/v2\/types\/post"}],"author":[{"embeddable":true,"href":"https:\/\/sites.ecclesia.pt\/cv\/wp-json\/wp\/v2\/users\/1"}],"replies":[{"embeddable":true,"href":"https:\/\/sites.ecclesia.pt\/cv\/wp-json\/wp\/v2\/comments?post=4659"}],"version-history":[{"count":0,"href":"https:\/\/sites.ecclesia.pt\/cv\/wp-json\/wp\/v2\/posts\/4659\/revisions"}],"wp:attachment":[{"href":"https:\/\/sites.ecclesia.pt\/cv\/wp-json\/wp\/v2\/media?parent=4659"}],"wp:term":[{"taxonomy":"category","embeddable":true,"href":"https:\/\/sites.ecclesia.pt\/cv\/wp-json\/wp\/v2\/categories?post=4659"},{"taxonomy":"post_tag","embeddable":true,"href":"https:\/\/sites.ecclesia.pt\/cv\/wp-json\/wp\/v2\/tags?post=4659"}],"curies":[{"name":"wp","href":"https:\/\/api.w.org\/{rel}","templated":true}]}}