{"id":4661,"date":"2006-04-03T14:44:00","date_gmt":"2006-04-03T14:44:00","guid":{"rendered":"http:\/\/localhost:81\/wp1\/?p=4661"},"modified":"2006-04-03T14:44:00","modified_gmt":"2006-04-03T14:44:00","slug":"o-objectivo-e-por-tudo-a-mexer","status":"publish","type":"post","link":"https:\/\/sites.ecclesia.pt\/cv\/o-objectivo-e-por-tudo-a-mexer\/","title":{"rendered":"&#8220;O objectivo \u00e9 p\u00f4r tudo a mexer&#8221;"},"content":{"rendered":"<p>Iniciativa &#8220;Aveiro em Movimento&#8221; <!--more--> Fazer uma prova de seguran\u00e7a nos bombeiros, outra de gastronomia num restaurante, outra de \u201ckaraoke\u201d num bar, andar de Buga e tirar umas fotografias \u00e0 nova esta\u00e7\u00e3o, dan\u00e7ar merengue, contar uma anedota, declamar um poema, moldar uma pe\u00e7a de barro&#8230; estas s\u00e3o apenas algumas das provas e actividades de \u201cAveiro em Movimento\u201d, uma iniciativa que promete mexer com a cidade nos dias 4 e 5 de Junho, com competi\u00e7\u00e3o e conv\u00edvio, cultura e divers\u00e3o. \u201cP\u00f4r tudo a mexer, num grande mosaico de cultura, diversidade e participa\u00e7\u00e3o\u201d \u00e9 o objectivo, diz M\u00e1rio Fa\u00edsca, conhecido Palha\u00e7o Fa\u00edsca, habituado a organizar eventos como a anima\u00e7\u00e3o da Volta a Portugal em Bicicleta. \u201cP\u00f4r tudo a mexer\u201d, isto \u00e9, os 240 participantes esperados (60 equipas de 4 elementos) e a comunidade anfitri\u00e3: associa\u00e7\u00f5es culturais, organismos desportivos, galerias, colectividades, estabelecimentos comerciais, entre outros.<\/p>\n<p>O primeiro evento de \u201cAveiro em Movimento\u201d, no dia 4 de Junho, \u00e9 o passeio diurno, um jogo de cidade que come\u00e7a \u00e0s 10h e dura at\u00e9 ao jantar. O segundo, na noite desse s\u00e1bado, \u00e9 um pedipaper na zona da Beira Mar. Ou seja, divers\u00e3o e entretenimento. Por fim, no domingo, h\u00e1 um passeio tur\u00edstico pela \u201cmagn\u00edfica Ria de Aveiro\u201d, at\u00e9 S. Jacinto, culminando na gala de entrega de pr\u00e9mios no Rossio.<\/p>\n<p>As inscri\u00e7\u00f5es para a primeira edi\u00e7\u00e3o de \u201cAveiro em Movimento\u201d podem ser feitas na Casa da Cultura, Rota da Luz, Juntas de Freguesia da Gl\u00f3ria e Vera Cruz, Olaria (Centro de Congressos) e Teatro Aveirense, at\u00e9 31 de Maio.<\/p>\n","protected":false},"excerpt":{"rendered":"<p>Iniciativa &#8220;Aveiro em Movimento&#8221;<\/p>\n","protected":false},"author":1,"featured_media":0,"comment_status":"open","ping_status":"open","sticky":false,"template":"","format":"standard","meta":{"footnotes":""},"categories":[61],"tags":[],"class_list":["post-4661","post","type-post","status-publish","format-standard","hentry","category-actualidade"],"_links":{"self":[{"href":"https:\/\/sites.ecclesia.pt\/cv\/wp-json\/wp\/v2\/posts\/4661","targetHints":{"allow":["GET"]}}],"collection":[{"href":"https:\/\/sites.ecclesia.pt\/cv\/wp-json\/wp\/v2\/posts"}],"about":[{"href":"https:\/\/sites.ecclesia.pt\/cv\/wp-json\/wp\/v2\/types\/post"}],"author":[{"embeddable":true,"href":"https:\/\/sites.ecclesia.pt\/cv\/wp-json\/wp\/v2\/users\/1"}],"replies":[{"embeddable":true,"href":"https:\/\/sites.ecclesia.pt\/cv\/wp-json\/wp\/v2\/comments?post=4661"}],"version-history":[{"count":0,"href":"https:\/\/sites.ecclesia.pt\/cv\/wp-json\/wp\/v2\/posts\/4661\/revisions"}],"wp:attachment":[{"href":"https:\/\/sites.ecclesia.pt\/cv\/wp-json\/wp\/v2\/media?parent=4661"}],"wp:term":[{"taxonomy":"category","embeddable":true,"href":"https:\/\/sites.ecclesia.pt\/cv\/wp-json\/wp\/v2\/categories?post=4661"},{"taxonomy":"post_tag","embeddable":true,"href":"https:\/\/sites.ecclesia.pt\/cv\/wp-json\/wp\/v2\/tags?post=4661"}],"curies":[{"name":"wp","href":"https:\/\/api.w.org\/{rel}","templated":true}]}}