{"id":4662,"date":"2006-04-03T14:44:00","date_gmt":"2006-04-03T14:44:00","guid":{"rendered":"http:\/\/localhost:81\/wp1\/?p=4662"},"modified":"2006-04-03T14:44:00","modified_gmt":"2006-04-03T14:44:00","slug":"feira-do-livro","status":"publish","type":"post","link":"https:\/\/sites.ecclesia.pt\/cv\/feira-do-livro\/","title":{"rendered":"Feira do Livro"},"content":{"rendered":"<p>Abriu no s\u00e1bado, na Pra\u00e7a Marqu\u00eas de Pombal, e decorre at\u00e9 5 de Junho a maior Feira do Livro de sempre em Aveiro: 58 stands, representando 126 editoras. Hoje e dia 1 de Junho, as crian\u00e7as s\u00e3o as convidadas especiais dos livros, com sess\u00f5es de contos e ateliers diversos. S\u00e3o esperadas mil crian\u00e7as em cada dia. A C\u00e2mara Municipal de Aveiro j\u00e1 pensa na Feira do Livro do pr\u00f3ximo ano. Objectivo: tornar a organiza\u00e7\u00e3o mais aut\u00f3noma em rela\u00e7\u00e3o \u00e0 C\u00e2mara e fazer desta feira a maior do pa\u00eds, a seguir \u00e0s de Lisboa e Porto.<\/p>\n","protected":false},"excerpt":{"rendered":"<p>Abriu no s\u00e1bado, na Pra\u00e7a Marqu\u00eas de Pombal, e decorre at\u00e9 5 de Junho a maior Feira do Livro de sempre em Aveiro: 58 stands, representando 126 editoras. Hoje e dia 1 de Junho, as crian\u00e7as s\u00e3o as convidadas especiais dos livros, com sess\u00f5es de contos e ateliers diversos. S\u00e3o esperadas mil crian\u00e7as em cada [&hellip;]<\/p>\n","protected":false},"author":1,"featured_media":0,"comment_status":"open","ping_status":"open","sticky":false,"template":"","format":"standard","meta":{"footnotes":""},"categories":[61],"tags":[],"class_list":["post-4662","post","type-post","status-publish","format-standard","hentry","category-actualidade"],"_links":{"self":[{"href":"https:\/\/sites.ecclesia.pt\/cv\/wp-json\/wp\/v2\/posts\/4662","targetHints":{"allow":["GET"]}}],"collection":[{"href":"https:\/\/sites.ecclesia.pt\/cv\/wp-json\/wp\/v2\/posts"}],"about":[{"href":"https:\/\/sites.ecclesia.pt\/cv\/wp-json\/wp\/v2\/types\/post"}],"author":[{"embeddable":true,"href":"https:\/\/sites.ecclesia.pt\/cv\/wp-json\/wp\/v2\/users\/1"}],"replies":[{"embeddable":true,"href":"https:\/\/sites.ecclesia.pt\/cv\/wp-json\/wp\/v2\/comments?post=4662"}],"version-history":[{"count":0,"href":"https:\/\/sites.ecclesia.pt\/cv\/wp-json\/wp\/v2\/posts\/4662\/revisions"}],"wp:attachment":[{"href":"https:\/\/sites.ecclesia.pt\/cv\/wp-json\/wp\/v2\/media?parent=4662"}],"wp:term":[{"taxonomy":"category","embeddable":true,"href":"https:\/\/sites.ecclesia.pt\/cv\/wp-json\/wp\/v2\/categories?post=4662"},{"taxonomy":"post_tag","embeddable":true,"href":"https:\/\/sites.ecclesia.pt\/cv\/wp-json\/wp\/v2\/tags?post=4662"}],"curies":[{"name":"wp","href":"https:\/\/api.w.org\/{rel}","templated":true}]}}