{"id":4667,"date":"2006-04-03T14:44:00","date_gmt":"2006-04-03T14:44:00","guid":{"rendered":"http:\/\/localhost:81\/wp1\/?p=4667"},"modified":"2006-04-03T14:44:00","modified_gmt":"2006-04-03T14:44:00","slug":"iscra-lanca-pos-graduacoes","status":"publish","type":"post","link":"https:\/\/sites.ecclesia.pt\/cv\/iscra-lanca-pos-graduacoes\/","title":{"rendered":"ISCRA lan\u00e7a p\u00f3s-gradua\u00e7\u00f5es"},"content":{"rendered":"<p>Com in\u00edcio em Outubro <!--more--> O Instituto Superior de Ci\u00eancias Religiosas de Aveiro (ISCRA) vai lan\u00e7ar no pr\u00f3ximo ano lectivo p\u00f3s-gradu\u00e7\u00f5es em \u201cCi\u00eancias da Fam\u00edlia\u201d e \u201cHist\u00f3ria das Religi\u00f5es\u201d. Para a escola de Ci\u00eancias Religiosas da diocese, a oferta destas primeiras p\u00f3s-gradua\u00e7\u00f5es representa um passo determinante na oferta de ensino de qualidade.<\/p>\n<p>O plano de estudos de \u201cCi\u00eancias da Fam\u00edlia\u201d, com coordena\u00e7\u00e3o de Georgino Rocha inclui os m\u00f3dulos \u201cSexualidade e \u00c9tica\u201d, \u201cPsicologia das Idades e Rela\u00e7\u00f5es na Fam\u00edlia\u201d, \u201cMatrim\u00f3nio e Fam\u00edlia no Direito\u201d, no primeiro semestre, e \u201cBiome-dicina e Fecundidade do Amor Conjugal\u201d, \u201cFam\u00edlia e Pol\u00edticas P\u00fablicas\u201d e \u201cMedia\u00e7\u00e3o Familiar\u201d, no segundo semestre.<\/p>\n<p>Quanto a \u201cHist\u00f3ria das Religi\u00f5es\u201d, com coordena\u00e7\u00e3o de Manuel Alte da Veiga (Universidade di Minho) e Manuel Oliveira Sousa ser\u00e3o leccionados os m\u00f3dulos \u201cJuda\u00edsmo, Cristianismo e Islamis-mo\u201d, \u201cBudismo, Confucionismo, Tao\u00edsmo e Cientismo\u201d, \u201cDi\u00e1logo Inter-Religioso\u201d, \u201cEcumenismo e Seculariza\u00e7\u00e3o\u201d, no primeiro semestre, e \u201cCatolicismo, Ortodoxia e Refor-ma\u201d, \u201cManifesta\u00e7\u00f5es Esot\u00e9ricas\u201d, \u201cModernismo, Laicismo e Agnosti-cismo\u201d, no segundo. Em ambas as p\u00f3s-gradua\u00e7\u00f5es e em cada semestre haver\u00e1 ainda uma disciplina de Op\u00e7\u00e3o.<\/p>\n<p>Para frequentar a p\u00f3s-gradu\u00e7\u00f5es, que t\u00eam 20 vagas, \u00e9 necess\u00e1rio ser titular de licenciatura (ou equivalente).<\/p>\n<p>O prazo para apresenta\u00e7\u00e3o de candidaturas decorre at\u00e9 30 de Junho de 2005, na Secretaria do ISCRA. Mais informa\u00e7\u00f5es pelo telefone 234 379 880, na Internet em www.iscra.pt ou por E-mail para iscra@netvisao.pt<\/p>\n","protected":false},"excerpt":{"rendered":"<p>Com in\u00edcio em Outubro<\/p>\n","protected":false},"author":1,"featured_media":0,"comment_status":"open","ping_status":"open","sticky":false,"template":"","format":"standard","meta":{"footnotes":""},"categories":[61],"tags":[],"class_list":["post-4667","post","type-post","status-publish","format-standard","hentry","category-actualidade"],"_links":{"self":[{"href":"https:\/\/sites.ecclesia.pt\/cv\/wp-json\/wp\/v2\/posts\/4667","targetHints":{"allow":["GET"]}}],"collection":[{"href":"https:\/\/sites.ecclesia.pt\/cv\/wp-json\/wp\/v2\/posts"}],"about":[{"href":"https:\/\/sites.ecclesia.pt\/cv\/wp-json\/wp\/v2\/types\/post"}],"author":[{"embeddable":true,"href":"https:\/\/sites.ecclesia.pt\/cv\/wp-json\/wp\/v2\/users\/1"}],"replies":[{"embeddable":true,"href":"https:\/\/sites.ecclesia.pt\/cv\/wp-json\/wp\/v2\/comments?post=4667"}],"version-history":[{"count":0,"href":"https:\/\/sites.ecclesia.pt\/cv\/wp-json\/wp\/v2\/posts\/4667\/revisions"}],"wp:attachment":[{"href":"https:\/\/sites.ecclesia.pt\/cv\/wp-json\/wp\/v2\/media?parent=4667"}],"wp:term":[{"taxonomy":"category","embeddable":true,"href":"https:\/\/sites.ecclesia.pt\/cv\/wp-json\/wp\/v2\/categories?post=4667"},{"taxonomy":"post_tag","embeddable":true,"href":"https:\/\/sites.ecclesia.pt\/cv\/wp-json\/wp\/v2\/tags?post=4667"}],"curies":[{"name":"wp","href":"https:\/\/api.w.org\/{rel}","templated":true}]}}