{"id":4668,"date":"2006-04-03T14:44:00","date_gmt":"2006-04-03T14:44:00","guid":{"rendered":"http:\/\/localhost:81\/wp1\/?p=4668"},"modified":"2006-04-03T14:44:00","modified_gmt":"2006-04-03T14:44:00","slug":"peregrinacao-dos-doentes-a-schoenstatt","status":"publish","type":"post","link":"https:\/\/sites.ecclesia.pt\/cv\/peregrinacao-dos-doentes-a-schoenstatt\/","title":{"rendered":"Peregrina\u00e7\u00e3o dos doentes a Schoenstatt"},"content":{"rendered":"<p>Como j\u00e1 foi anunciado, a peregrina\u00e7\u00e3o diocesana dos doentes, familiares e agentes pastorais relacionados com o servi\u00e7o do doente, realiza-se no dia 29 de Maio, no santu\u00e1rio mariano de Schoenstatt, na Col\u00f3nia Agr\u00edcola da Gafanha da Nazar\u00e9, com acolhimento \u00e0s 10h. A Eucaristia, \u00e0s 14h, ser\u00e1 presidida por D. Ant\u00f3nio Marcelino, Bispo de Aveiro.<\/p>\n","protected":false},"excerpt":{"rendered":"<p>Como j\u00e1 foi anunciado, a peregrina\u00e7\u00e3o diocesana dos doentes, familiares e agentes pastorais relacionados com o servi\u00e7o do doente, realiza-se no dia 29 de Maio, no santu\u00e1rio mariano de Schoenstatt, na Col\u00f3nia Agr\u00edcola da Gafanha da Nazar\u00e9, com acolhimento \u00e0s 10h. A Eucaristia, \u00e0s 14h, ser\u00e1 presidida por D. Ant\u00f3nio Marcelino, Bispo de Aveiro.<\/p>\n","protected":false},"author":1,"featured_media":0,"comment_status":"open","ping_status":"open","sticky":false,"template":"","format":"standard","meta":{"footnotes":""},"categories":[70],"tags":[],"class_list":["post-4668","post","type-post","status-publish","format-standard","hentry","category-diocese"],"_links":{"self":[{"href":"https:\/\/sites.ecclesia.pt\/cv\/wp-json\/wp\/v2\/posts\/4668","targetHints":{"allow":["GET"]}}],"collection":[{"href":"https:\/\/sites.ecclesia.pt\/cv\/wp-json\/wp\/v2\/posts"}],"about":[{"href":"https:\/\/sites.ecclesia.pt\/cv\/wp-json\/wp\/v2\/types\/post"}],"author":[{"embeddable":true,"href":"https:\/\/sites.ecclesia.pt\/cv\/wp-json\/wp\/v2\/users\/1"}],"replies":[{"embeddable":true,"href":"https:\/\/sites.ecclesia.pt\/cv\/wp-json\/wp\/v2\/comments?post=4668"}],"version-history":[{"count":0,"href":"https:\/\/sites.ecclesia.pt\/cv\/wp-json\/wp\/v2\/posts\/4668\/revisions"}],"wp:attachment":[{"href":"https:\/\/sites.ecclesia.pt\/cv\/wp-json\/wp\/v2\/media?parent=4668"}],"wp:term":[{"taxonomy":"category","embeddable":true,"href":"https:\/\/sites.ecclesia.pt\/cv\/wp-json\/wp\/v2\/categories?post=4668"},{"taxonomy":"post_tag","embeddable":true,"href":"https:\/\/sites.ecclesia.pt\/cv\/wp-json\/wp\/v2\/tags?post=4668"}],"curies":[{"name":"wp","href":"https:\/\/api.w.org\/{rel}","templated":true}]}}