{"id":4669,"date":"2006-04-03T14:44:00","date_gmt":"2006-04-03T14:44:00","guid":{"rendered":"http:\/\/localhost:81\/wp1\/?p=4669"},"modified":"2006-04-03T14:44:00","modified_gmt":"2006-04-03T14:44:00","slug":"esclarecimento-precisa-se","status":"publish","type":"post","link":"https:\/\/sites.ecclesia.pt\/cv\/esclarecimento-precisa-se\/","title":{"rendered":"Esclarecimento precisa-se!"},"content":{"rendered":"<p>Confer\u00eancia sobre a Constitui\u00e7\u00e3o Europeia <!--more--> Lu\u00eds Lobo-Fernandes, da Universidade de Minho, vai estar no CUFC, no dia 18 de Junho, \u00e0s 9h30, para falar da Constitui\u00e7\u00e3o Europeia.<\/p>\n<p>Numa organiza\u00e7\u00e3o da Funda\u00e7\u00e3o Sal da Terra e Luz do Mundo, que considera que \u201ca Constitui\u00e7\u00e3o \u00e9 ainda muito pouco conhecida da Sociedade Portuguesa\u201d, o titular da C\u00e1tedra Jean Monnet de Integra\u00e7\u00e3o Pol\u00edtica Europeia, da Universidade do Minho, abordar\u00e1 o tema \u201cO Projecto Europeu e a import\u00e2ncia do Tratado Constitucional\u201d. <\/p>\n<p>\u201cA Constitui\u00e7\u00e3o Europeia tem vindo a gerar tomadas de posi\u00e7\u00e3o contradit\u00f3rias, na sociedade de toda a Europa\u201d, diz Georgino Rocha, presidente da Funda\u00e7\u00e3o, pelo que \u201cPortugal n\u00e3o pode ficar alheio a estas movimenta\u00e7\u00f5es\u201d. A confer\u00eancia no Centro Universit\u00e1rio F\u00e9 e Cultura ser\u00e1 certamente uma boa oportunidade de esclarecimento.<\/p>\n","protected":false},"excerpt":{"rendered":"<p>Confer\u00eancia sobre a Constitui\u00e7\u00e3o Europeia<\/p>\n","protected":false},"author":1,"featured_media":0,"comment_status":"open","ping_status":"open","sticky":false,"template":"","format":"standard","meta":{"footnotes":""},"categories":[70],"tags":[],"class_list":["post-4669","post","type-post","status-publish","format-standard","hentry","category-diocese"],"_links":{"self":[{"href":"https:\/\/sites.ecclesia.pt\/cv\/wp-json\/wp\/v2\/posts\/4669","targetHints":{"allow":["GET"]}}],"collection":[{"href":"https:\/\/sites.ecclesia.pt\/cv\/wp-json\/wp\/v2\/posts"}],"about":[{"href":"https:\/\/sites.ecclesia.pt\/cv\/wp-json\/wp\/v2\/types\/post"}],"author":[{"embeddable":true,"href":"https:\/\/sites.ecclesia.pt\/cv\/wp-json\/wp\/v2\/users\/1"}],"replies":[{"embeddable":true,"href":"https:\/\/sites.ecclesia.pt\/cv\/wp-json\/wp\/v2\/comments?post=4669"}],"version-history":[{"count":0,"href":"https:\/\/sites.ecclesia.pt\/cv\/wp-json\/wp\/v2\/posts\/4669\/revisions"}],"wp:attachment":[{"href":"https:\/\/sites.ecclesia.pt\/cv\/wp-json\/wp\/v2\/media?parent=4669"}],"wp:term":[{"taxonomy":"category","embeddable":true,"href":"https:\/\/sites.ecclesia.pt\/cv\/wp-json\/wp\/v2\/categories?post=4669"},{"taxonomy":"post_tag","embeddable":true,"href":"https:\/\/sites.ecclesia.pt\/cv\/wp-json\/wp\/v2\/tags?post=4669"}],"curies":[{"name":"wp","href":"https:\/\/api.w.org\/{rel}","templated":true}]}}