{"id":4683,"date":"2006-04-03T14:44:00","date_gmt":"2006-04-03T14:44:00","guid":{"rendered":"http:\/\/localhost:81\/wp1\/?p=4683"},"modified":"2006-04-03T14:44:00","modified_gmt":"2006-04-03T14:44:00","slug":"conferencias-na-universidade-abertas-a-todos","status":"publish","type":"post","link":"https:\/\/sites.ecclesia.pt\/cv\/conferencias-na-universidade-abertas-a-todos\/","title":{"rendered":"Confer\u00eancias na Universidade abertas a todos"},"content":{"rendered":"<p>Ci\u00eancia e Comunica\u00e7\u00e3o <!--more--> A Universidade de Aveiro est\u00e1 a promover palestras \u201ccom convidados de peso\u201d sobre ci\u00eancia e comu-nica\u00e7\u00e3o. Depois de Jo\u00e3o Cara\u00e7a, da Funda\u00e7\u00e3o Calouste Gulbenkian, ter falado sobre \u201cO dia em que nasceu a ci\u00eancia\u201d (20 de Maio), \u00e9 a vez de Jos\u00e9 V\u00edtor Malheiros, jornalista do P\u00fablico, abordar o tema \u201cOs problemas do jornalismo de Ci\u00eancia\u201d, no dia 27 de Maio. O comunicador \u00e9 co-autor de \u201cComo falar com jornalistas sem ficar \u00e0 beira de um ataque de nervos\u201d.<\/p>\n<p>No dia 3 de Junho, Adriano Duarte Rodrigues, da Universidade Nova de Lisboa, debate \u201cA experi\u00eancia da t\u00e9cnica\u201d. A terminar, no dia 17 de Junho, Ant\u00f3nio Amorim da Costa, da Universidade de Coimbra, debru\u00e7a-se sobre \u201cMet\u00e1foras b\u00edblicas do conhecimento: o grupo de Samuel Hartlib\u201d.<\/p>\n<p>As palestras s\u00e3o sempre \u00e0s 16h30, no anfiteatro da Sec\u00e7\u00e3o Aut\u00f3noma de Ci\u00eancias Sociais, Jur\u00eddicas e Pol\u00edticas. Mais informa\u00e7\u00f5es: telefone 234 372 482.<\/p>\n","protected":false},"excerpt":{"rendered":"<p>Ci\u00eancia e Comunica\u00e7\u00e3o<\/p>\n","protected":false},"author":1,"featured_media":0,"comment_status":"open","ping_status":"open","sticky":false,"template":"","format":"standard","meta":{"footnotes":""},"categories":[66],"tags":[],"class_list":["post-4683","post","type-post","status-publish","format-standard","hentry","category-cultura"],"_links":{"self":[{"href":"https:\/\/sites.ecclesia.pt\/cv\/wp-json\/wp\/v2\/posts\/4683","targetHints":{"allow":["GET"]}}],"collection":[{"href":"https:\/\/sites.ecclesia.pt\/cv\/wp-json\/wp\/v2\/posts"}],"about":[{"href":"https:\/\/sites.ecclesia.pt\/cv\/wp-json\/wp\/v2\/types\/post"}],"author":[{"embeddable":true,"href":"https:\/\/sites.ecclesia.pt\/cv\/wp-json\/wp\/v2\/users\/1"}],"replies":[{"embeddable":true,"href":"https:\/\/sites.ecclesia.pt\/cv\/wp-json\/wp\/v2\/comments?post=4683"}],"version-history":[{"count":0,"href":"https:\/\/sites.ecclesia.pt\/cv\/wp-json\/wp\/v2\/posts\/4683\/revisions"}],"wp:attachment":[{"href":"https:\/\/sites.ecclesia.pt\/cv\/wp-json\/wp\/v2\/media?parent=4683"}],"wp:term":[{"taxonomy":"category","embeddable":true,"href":"https:\/\/sites.ecclesia.pt\/cv\/wp-json\/wp\/v2\/categories?post=4683"},{"taxonomy":"post_tag","embeddable":true,"href":"https:\/\/sites.ecclesia.pt\/cv\/wp-json\/wp\/v2\/tags?post=4683"}],"curies":[{"name":"wp","href":"https:\/\/api.w.org\/{rel}","templated":true}]}}