{"id":4687,"date":"2006-04-03T14:44:00","date_gmt":"2006-04-03T14:44:00","guid":{"rendered":"http:\/\/localhost:81\/wp1\/?p=4687"},"modified":"2006-04-03T14:44:00","modified_gmt":"2006-04-03T14:44:00","slug":"pastoral-juvenil-encerra-efathas-20042005-com-valores","status":"publish","type":"post","link":"https:\/\/sites.ecclesia.pt\/cv\/pastoral-juvenil-encerra-efathas-20042005-com-valores\/","title":{"rendered":"Pastoral juvenil encerra EFATHA&#8217;S 2004\/2005 com valores"},"content":{"rendered":"<p>\u201cA \u00e9tica crist\u00e3 deve ser uma \u00e9tica pela positiva e n\u00e3o pela negativa, como tem sido na maioria das vezes\u201d. Mais do que dizer \u201cn\u00e3o se pode fazer isto, n\u00e3o v\u00e1s por a\u00ed\u201d, devemos educar no sentido de mostrarmos que \u201cpodes agir assim, tens um caminho diferente, porque n\u00e3o fazer assim?&#8230;\u201d. Este foi o ponto de partida do V e \u00faltimo encontro de forma\u00e7\u00e3o deste ano (antes das f\u00e9rias, claro!) organizado pelo SDPJ Aveiro. \u00c0 chegada esta a ideia que \u201cem mat\u00e9ria de valores, n\u00f3s crist\u00e3os beneficiamos de um extra, chamemos-lhe plus. A \u00e9tica crist\u00e3 \u00e9 um novo enquadramento, uma nova dimens\u00e3o dos valores e da vida, \u00e9 uma carteira de valores plus\u201d.<\/p>\n<p>O V EFATHA &#8211; \u201cEducar para os valores\u201d, que teve lugar no passado s\u00e1bado, no Semin\u00e1rio de Aveiro, trouxe a Aveiro um jovem Padre de Coimbra, Lu\u00eds Francisco Marques e, durante boa parte da manh\u00e3, contou ainda com a presen\u00e7a de D. Ant\u00f3nio Marcelino. De acordo com D. Ant\u00f3nio \u201ca sociedade em que vivemos \u00e9 uma feira em mat\u00e9ria de valores, cada um vai e usa os que quer, a palavra valor deixou de ser un\u00edvoca.\u201d Antes de abandonar os trabalhos, quase ao fim da manh\u00e3, deixou um recado aos jovens animadores: \u201c O nosso grande desafio enquanto cat\u00f3licos deve passar por identificar e somar valores a todos os interlocutores que forem passando pela nossa vida\u201d.<\/p>\n<p>BALAN\u00c7O E OPINI\u00d5ES<\/p>\n<p>Com este encontro termin\u00e1mos esta s\u00e9rie de encontros de forma\u00e7\u00e3o que baptiz\u00e1mos de EFATHA\u00b4s. Foram 5 s\u00e1bados, 5 formadores diferentes e um n\u00facleo &#8211; \u201cchamemos-lhe duro\u201d &#8211; de 20 a 25 animadores e catequistas, que, de todos os arciprestados, foram fazendo destes s\u00e1bados espa\u00e7os de partilha e aprofundamento de conhecimentos.<\/p>\n<p>20| Novembro &#8211; Pe Emanuel Silva &#8211; A Eucaristia: entre Jesus, os Disc\u00edpulos e o Mundo\u201d<\/p>\n<p>29| Janeiro &#8211; Pe Carlos Cabecinhas &#8211; A Eucaristia: s\u00edmbolos e gestos\u201d<\/p>\n<p>26| Fevereiro &#8211; Pe Adelino Guarda &#8211; \u201cGrupos de Jovens, o que somos\u201d<\/p>\n<p>16| Abril &#8211; Equipa Salesiana da Diocese do Porto &#8211; Din\u00e2micas para Grupos de Jovens<\/p>\n<p>21| Maio &#8211; Pe Lu\u00eds Francisco Marques &#8211; Educar para os valores<\/p>\n<p>Na primeira pessoa&#8230;<\/p>\n<p>\u201cEstes EFATHA\u2019s foram uma oportunidade de crescer um bocadinho mais. Criou-se um clima de familiaridade entre os animadores que foram sendo regulares nestes encontros; e ao n\u00edvel dos conte\u00fados foram fant\u00e1sticos, aprendemos muito e muito bem.\u201d<\/p>\n<p>Jo\u00e3o, Vagos<\/p>\n<p>\u201cGrande parte dos animadores passa directamente da catequese para a frente de um grupo de jovens e faltam-nos muitas ferramentas; estas ac\u00e7\u00f5es foram boas para irmos observando e adquirindo algumas t\u00e9cnicas. Fa\u00e7am mais, sobretudo de t\u00e9cnicas de anima\u00e7\u00e3o!\u201d<\/p>\n<p>T\u00f3, Estarreja<\/p>\n<p>\u201cEstes EFATHA\u2019s foram muito bons para perceber o funcionamento de um grupo de jovens, o que une jovens cat\u00f3licos, perceber o essencial. Foram 5 encontros que tiveram tamb\u00e9m muita l\u00f3gica na sua sequ\u00eancia, sobretudo iniciando-nos \u00e0 Eucaristia. Gostei muito .\u201d<\/p>\n<p>Maria do Ros\u00e1rio, Oliveira do Bairro <\/p>\n","protected":false},"excerpt":{"rendered":"<p>\u201cA \u00e9tica crist\u00e3 deve ser uma \u00e9tica pela positiva e n\u00e3o pela negativa, como tem sido na maioria das vezes\u201d. Mais do que dizer \u201cn\u00e3o se pode fazer isto, n\u00e3o v\u00e1s por a\u00ed\u201d, devemos educar no sentido de mostrarmos que \u201cpodes agir assim, tens um caminho diferente, porque n\u00e3o fazer assim?&#8230;\u201d. Este foi o ponto [&hellip;]<\/p>\n","protected":false},"author":1,"featured_media":0,"comment_status":"open","ping_status":"open","sticky":false,"template":"","format":"standard","meta":{"footnotes":""},"categories":[51],"tags":[],"class_list":["post-4687","post","type-post","status-publish","format-standard","hentry","category-jovens"],"_links":{"self":[{"href":"https:\/\/sites.ecclesia.pt\/cv\/wp-json\/wp\/v2\/posts\/4687","targetHints":{"allow":["GET"]}}],"collection":[{"href":"https:\/\/sites.ecclesia.pt\/cv\/wp-json\/wp\/v2\/posts"}],"about":[{"href":"https:\/\/sites.ecclesia.pt\/cv\/wp-json\/wp\/v2\/types\/post"}],"author":[{"embeddable":true,"href":"https:\/\/sites.ecclesia.pt\/cv\/wp-json\/wp\/v2\/users\/1"}],"replies":[{"embeddable":true,"href":"https:\/\/sites.ecclesia.pt\/cv\/wp-json\/wp\/v2\/comments?post=4687"}],"version-history":[{"count":0,"href":"https:\/\/sites.ecclesia.pt\/cv\/wp-json\/wp\/v2\/posts\/4687\/revisions"}],"wp:attachment":[{"href":"https:\/\/sites.ecclesia.pt\/cv\/wp-json\/wp\/v2\/media?parent=4687"}],"wp:term":[{"taxonomy":"category","embeddable":true,"href":"https:\/\/sites.ecclesia.pt\/cv\/wp-json\/wp\/v2\/categories?post=4687"},{"taxonomy":"post_tag","embeddable":true,"href":"https:\/\/sites.ecclesia.pt\/cv\/wp-json\/wp\/v2\/tags?post=4687"}],"curies":[{"name":"wp","href":"https:\/\/api.w.org\/{rel}","templated":true}]}}