{"id":4688,"date":"2006-04-03T14:44:00","date_gmt":"2006-04-03T14:44:00","guid":{"rendered":"http:\/\/localhost:81\/wp1\/?p=4688"},"modified":"2006-04-03T14:44:00","modified_gmt":"2006-04-03T14:44:00","slug":"campeoes","status":"publish","type":"post","link":"https:\/\/sites.ecclesia.pt\/cv\/campeoes\/","title":{"rendered":"Campe\u00f5es!"},"content":{"rendered":"<p>Ponta de Lan\u00e7a <!--more--> A festa saiu para a rua.<\/p>\n<p>Um pouco por todo o lado, nas cidades, vilas, aldeias; nos restaurantes, bares, tascas; nas grandes, m\u00e9dias e pequenas empresas; nos bancos, casinos, casas de apostas; nos avi\u00f5es, comboios, barcos, autom\u00f3veis; nos jornais, revistas, folhas paroquiais; na televis\u00e3o, no r\u00e1dio, nos CD; nas universidades, escolas, centros de forma\u00e7\u00e3o; nos escrit\u00f3rios, depend\u00eancias, reparti\u00e7\u00f5es; \u2026 por todo o lado, mesmo!<\/p>\n<p>Imagine, caro leitor, at\u00e9 nos santu\u00e1rios, igrejas, capelas, sinagogas, mesquitas, centros de qualquer culto!<\/p>\n<p>Ningu\u00e9m ficou indiferente!<\/p>\n<p>Afinal, todos ficaram a saber, comentam com mais ou menos autoridade e ainda um pouco incr\u00e9dulos (agora talvez seja verdade!) vamos voltando \u00e0 imposs\u00edvel normalidade.<\/p>\n<p>O pa\u00eds est\u00e1 no vermelho!<\/p>\n<p>Pois \u00e9, V\u00edtor Const\u00e2ncio, governador do banco de Portugal, acabou de afirmar que vamos ter um d\u00e9fice de quase 7%, o maior em 11 anos!!! A maior! Campe\u00f5es no d\u00e9fice!<\/p>\n<p>Se os pol\u00edticos, os que estiveram no poder nos \u00faltimos anos e que voltaram para l\u00e1, fossem gestores de uma empresa privada, estavam todos \u00e0 beira de sair pela porta fora, por pura incompet\u00eancia. Temos estado a cometer um crime tremendo para as gera\u00e7\u00f5es futuras do nosso pa\u00eds e o mais grave \u00e9 que continuamos como que a encolher os ombros, a n\u00e3o fazer grande coisa para resolver o problema.<\/p>\n<p>Quanto mais tarde tivermos coragem para agir, pior vai ser. <\/p>\n<p>Ah! Coincid\u00eancia: o Benfica \u00e9 campe\u00e3o, depois de 11 anos \u00e0 espera!<\/p>\n<p>Desportivamente\u2026 pelo desporto!<\/p>\n","protected":false},"excerpt":{"rendered":"<p>Ponta de Lan\u00e7a<\/p>\n","protected":false},"author":1,"featured_media":0,"comment_status":"open","ping_status":"open","sticky":false,"template":"","format":"standard","meta":{"footnotes":""},"categories":[46],"tags":[],"class_list":["post-4688","post","type-post","status-publish","format-standard","hentry","category-desporto"],"_links":{"self":[{"href":"https:\/\/sites.ecclesia.pt\/cv\/wp-json\/wp\/v2\/posts\/4688","targetHints":{"allow":["GET"]}}],"collection":[{"href":"https:\/\/sites.ecclesia.pt\/cv\/wp-json\/wp\/v2\/posts"}],"about":[{"href":"https:\/\/sites.ecclesia.pt\/cv\/wp-json\/wp\/v2\/types\/post"}],"author":[{"embeddable":true,"href":"https:\/\/sites.ecclesia.pt\/cv\/wp-json\/wp\/v2\/users\/1"}],"replies":[{"embeddable":true,"href":"https:\/\/sites.ecclesia.pt\/cv\/wp-json\/wp\/v2\/comments?post=4688"}],"version-history":[{"count":0,"href":"https:\/\/sites.ecclesia.pt\/cv\/wp-json\/wp\/v2\/posts\/4688\/revisions"}],"wp:attachment":[{"href":"https:\/\/sites.ecclesia.pt\/cv\/wp-json\/wp\/v2\/media?parent=4688"}],"wp:term":[{"taxonomy":"category","embeddable":true,"href":"https:\/\/sites.ecclesia.pt\/cv\/wp-json\/wp\/v2\/categories?post=4688"},{"taxonomy":"post_tag","embeddable":true,"href":"https:\/\/sites.ecclesia.pt\/cv\/wp-json\/wp\/v2\/tags?post=4688"}],"curies":[{"name":"wp","href":"https:\/\/api.w.org\/{rel}","templated":true}]}}