{"id":4689,"date":"2006-04-03T14:44:00","date_gmt":"2006-04-03T14:44:00","guid":{"rendered":"http:\/\/localhost:81\/wp1\/?p=4689"},"modified":"2006-04-03T14:44:00","modified_gmt":"2006-04-03T14:44:00","slug":"benfica-campeao","status":"publish","type":"post","link":"https:\/\/sites.ecclesia.pt\/cv\/benfica-campeao\/","title":{"rendered":"Benfica campe\u00e3o!"},"content":{"rendered":"<p>Onze anos depois&#8230; <!--more--> SuperLiga  \u2013 O campeonato mais irregular de que h\u00e1 mem\u00f3ria s\u00f3 conheceu o seu campe\u00e3o na derradeira jornada. Benfica e Porto mantinham ambi\u00e7\u00f5es, embora os portistas dependessem de uma derrota encarnada no Bessa. No final, os cen\u00e1rios mais realistas confirmaram-se e a equipa de Trappatoni sagrou-se campe\u00e3 nacional.<\/p>\n<p>Boavista 1-1 Benfica \u2013 Os encarnados pareciam jogar em casa (atempadamente a direc\u00e7\u00e3o encarnada comprou a lota\u00e7\u00e3o do Est\u00e1dio do Bessa) e superiorizaram-se aos boavisteiros. Sim\u00e3o inaugurou o marcador de grande penalidade; contudo, a festa ficou suspensa com o golo de cabe\u00e7a de \u00c9der, na sequ\u00eancia de um canto. Apesar de o Porto n\u00e3o ter vencido, o empate era suficiente.<\/p>\n<p>Porto 1-1 Acad\u00e9mica \u2013 Acreditaram os portistas, que encheram o drag\u00e3o, que era poss\u00edvel o tri-campeonato. Os portistas estavam com a cabe\u00e7a (tamb\u00e9m) no Bessa e disso se ressentiu a qualidade de jogo. Com o golo de Ibson, o campeonato estava \u00e0 dist\u00e2ncia de um segundo golo axadrezado que nunca chegou a aparecer. Pior, a poucos minutos do fim, Joeano empatou para a \u201cbriosa\u201d e os drag\u00f5es atiraram a toalha ao ch\u00e3o.<\/p>\n<p>Sporting 2-4 Nacional \u2013 Um final de campeonato para esquecer para as bandas de Alvalade: depois de perderem o campeonato para o Benfica, a Ta\u00e7a UEFA para o CSKA no seu pr\u00f3prio est\u00e1dio, era curioso ver a reac\u00e7\u00e3o dos le\u00f5es a tamanho \u201cinfort\u00fanio\u201d.  O Nacional mostrou porque j\u00e1 tinha ganho 0-4 no Est\u00e1dio do Drag\u00e3o e bateu inapelavelmente o Sporting, que inclusivamente esteve a perder por 0-3.<\/p>\n<p>Europa \u2013 Benfica, FC Porto e Sporting v\u00e3o \u00e0 Liga dos Campe\u00f5es, sendo que Benfica e FC Porto t\u00eam entrada directa, enquanto o Sporting tem que passar por uma pr\u00e9-eliminat\u00f3ria. Na Ta\u00e7a UEFA v\u00e3o estar Braga, Vit\u00f3ria de Guimar\u00e3es e Vit\u00f3ria de Set\u00fabal, sendo que este \u00faltimo ganhou direito \u00e0 participa\u00e7\u00e3o por ser finalista da Ta\u00e7a de Portugal e defrontar o campe\u00e3o nacional, o Benfica.<\/p>\n<p>Beira-Mar \u2013 Os aveirenses empataram a 2 bolas com o Guimar\u00e3es. O ponto conquistado n\u00e3o foi suficiente para arrancar a equipa do \u00faltimo lugar da tabela classificativa. No pr\u00f3ximo dia 18 de Junho, o clube vai a elei\u00e7\u00f5es, sendo que a continuidade de Augusto In\u00e1cio no cargo de treinador est\u00e1 dependente de um poss\u00edvel voto de confian\u00e7a do futuro presidente do Sport Clube Beira-Mar.<\/p>\n<p>Nuno Cani\u00e7o<\/p>\n","protected":false},"excerpt":{"rendered":"<p>Onze anos depois&#8230;<\/p>\n","protected":false},"author":1,"featured_media":0,"comment_status":"open","ping_status":"open","sticky":false,"template":"","format":"standard","meta":{"footnotes":""},"categories":[46],"tags":[],"class_list":["post-4689","post","type-post","status-publish","format-standard","hentry","category-desporto"],"_links":{"self":[{"href":"https:\/\/sites.ecclesia.pt\/cv\/wp-json\/wp\/v2\/posts\/4689","targetHints":{"allow":["GET"]}}],"collection":[{"href":"https:\/\/sites.ecclesia.pt\/cv\/wp-json\/wp\/v2\/posts"}],"about":[{"href":"https:\/\/sites.ecclesia.pt\/cv\/wp-json\/wp\/v2\/types\/post"}],"author":[{"embeddable":true,"href":"https:\/\/sites.ecclesia.pt\/cv\/wp-json\/wp\/v2\/users\/1"}],"replies":[{"embeddable":true,"href":"https:\/\/sites.ecclesia.pt\/cv\/wp-json\/wp\/v2\/comments?post=4689"}],"version-history":[{"count":0,"href":"https:\/\/sites.ecclesia.pt\/cv\/wp-json\/wp\/v2\/posts\/4689\/revisions"}],"wp:attachment":[{"href":"https:\/\/sites.ecclesia.pt\/cv\/wp-json\/wp\/v2\/media?parent=4689"}],"wp:term":[{"taxonomy":"category","embeddable":true,"href":"https:\/\/sites.ecclesia.pt\/cv\/wp-json\/wp\/v2\/categories?post=4689"},{"taxonomy":"post_tag","embeddable":true,"href":"https:\/\/sites.ecclesia.pt\/cv\/wp-json\/wp\/v2\/tags?post=4689"}],"curies":[{"name":"wp","href":"https:\/\/api.w.org\/{rel}","templated":true}]}}