{"id":4692,"date":"2006-04-03T14:44:00","date_gmt":"2006-04-03T14:44:00","guid":{"rendered":"http:\/\/localhost:81\/wp1\/?p=4692"},"modified":"2006-04-03T14:44:00","modified_gmt":"2006-04-03T14:44:00","slug":"lutra-contra-o-desemprego-2-triangulo-intermedio","status":"publish","type":"post","link":"https:\/\/sites.ecclesia.pt\/cv\/lutra-contra-o-desemprego-2-triangulo-intermedio\/","title":{"rendered":"Lutra contra o desemprego (2) &#8211; Tri\u00e2ngulo interm\u00e9dio"},"content":{"rendered":"<p>Quest\u00f5es Sociais <!--more--> 1. No artigo anterior foram apresentadas tr\u00eas potencialidades, para a luta contra o desemprego, centradas na fam\u00edlia. Tais potencialidades s\u00e3o a pr\u00f3pria fam\u00edlia e, com ela, o trabalho e a educa\u00e7\u00e3o, formando o tri\u00e2ngulo b\u00e1sico de solu\u00e7\u00e3o.<\/p>\n<p>Um segundo conjunto de potencialidades tem como centro o trabalho, e abrange o trabalho por conta pr\u00f3pria, o trabalho por conta de outrem e o trabalho solid\u00e1rio.<\/p>\n<p>2. Na nossa tradi\u00e7\u00e3o econ\u00f3mica, o trabalho por conta pr\u00f3pria encontrava-se estreitamente associado ao trabalho por conta de outrem, e ambos se projectavam, em maior ou menor grau, no trabalho solid\u00e1rio e dele recebiam enormes vantagens. O trabalho por conta pr\u00f3pria transmitia-se de pais para filhos na agricultura, no artesanato, na ind\u00fastria, no com\u00e9rcio e noutras actividades.<\/p>\n<p>Muitas pessoas e fam\u00edlias que n\u00e3o dispunham de  meios de produ\u00e7\u00e3o pr\u00f3prios conseguiram alcan\u00e7\u00e1-los atrav\u00e9s, n\u00e3o raro, de enorme esfor\u00e7o e at\u00e9 de sacrif\u00edcio her\u00f3ico.<\/p>\n<p>A partir de meados do s\u00e9culo passado, surgiram mais oportunidades de trabalho por conta de outrem, e acentuou-se o fosso entre os dois tipos de trabalho. Pelo contr\u00e1rio, a crise de desemprego em que estamos (e continuaremos) mergulhados torna imperiosa a sua reunifica\u00e7\u00e3o. \u00c9 assim desej\u00e1vel que saibamos retomar, em termos modernos, a unidade do trabalho por conta pr\u00f3pria e por conta de outrem. Jo\u00e3o Paulo II traduziu, claramente, esta orienta\u00e7\u00e3o ancestral, devidamente actualizada, no n\u00ba. 15 da enc\u00edclica \u201cLaborem Exercens\u201d. Hoje, como no passado, o trabalhador pode passar de um tipo de trabalho para outro, tal como pode acumular um e outro e trabalhar, em cada um, com o mesmo sentido de responsabilidade. A s\u00edntese pessoal dos dois tipos de trabalho parece indispens\u00e1vel.<\/p>\n<p>3. No trabalho solid\u00e1rio, esta s\u00edntese acontece com particular naturalidade. Ele realiza-se em organiza\u00e7\u00f5es sem fins lucrativos e tamb\u00e9m de maneira informal. Desenvolve potencialidades humanas, resolve problemas diversos, cria postos de trabalho e apoia in\u00fameras pessoas na solu\u00e7\u00e3o dos seus problemas de emprego.<\/p>\n<p>Cada trabalhador por conta pr\u00f3pria ou de outrem que se dedique ao trabalho solid\u00e1rio, segundo as suas possibilidades, n\u00e3o s\u00f3 apoia outras pessoas mas tamb\u00e9m alarga os seus pr\u00f3prios horizontes, desenvolve as suas capacidades e poder\u00e1 preservar melhor o seu \u00e2nimo positivo nos momentos de maior contrariedade.<\/p>\n","protected":false},"excerpt":{"rendered":"<p>Quest\u00f5es Sociais<\/p>\n","protected":false},"author":1,"featured_media":0,"comment_status":"open","ping_status":"open","sticky":false,"template":"","format":"standard","meta":{"footnotes":""},"categories":[62],"tags":[],"class_list":["post-4692","post","type-post","status-publish","format-standard","hentry","category-opiniao"],"_links":{"self":[{"href":"https:\/\/sites.ecclesia.pt\/cv\/wp-json\/wp\/v2\/posts\/4692","targetHints":{"allow":["GET"]}}],"collection":[{"href":"https:\/\/sites.ecclesia.pt\/cv\/wp-json\/wp\/v2\/posts"}],"about":[{"href":"https:\/\/sites.ecclesia.pt\/cv\/wp-json\/wp\/v2\/types\/post"}],"author":[{"embeddable":true,"href":"https:\/\/sites.ecclesia.pt\/cv\/wp-json\/wp\/v2\/users\/1"}],"replies":[{"embeddable":true,"href":"https:\/\/sites.ecclesia.pt\/cv\/wp-json\/wp\/v2\/comments?post=4692"}],"version-history":[{"count":0,"href":"https:\/\/sites.ecclesia.pt\/cv\/wp-json\/wp\/v2\/posts\/4692\/revisions"}],"wp:attachment":[{"href":"https:\/\/sites.ecclesia.pt\/cv\/wp-json\/wp\/v2\/media?parent=4692"}],"wp:term":[{"taxonomy":"category","embeddable":true,"href":"https:\/\/sites.ecclesia.pt\/cv\/wp-json\/wp\/v2\/categories?post=4692"},{"taxonomy":"post_tag","embeddable":true,"href":"https:\/\/sites.ecclesia.pt\/cv\/wp-json\/wp\/v2\/tags?post=4692"}],"curies":[{"name":"wp","href":"https:\/\/api.w.org\/{rel}","templated":true}]}}