{"id":47,"date":"2006-04-03T14:44:00","date_gmt":"2006-04-03T14:44:00","guid":{"rendered":"http:\/\/localhost:81\/wp1\/?p=47"},"modified":"2006-04-03T14:44:00","modified_gmt":"2006-04-03T14:44:00","slug":"regioes-breves-2","status":"publish","type":"post","link":"https:\/\/sites.ecclesia.pt\/cv\/regioes-breves-2\/","title":{"rendered":"Regi\u00f5es &#8211; Breves"},"content":{"rendered":"<p>Oliveira do Bairro<\/p>\n<p>Apoio a empres\u00e1rios<\/p>\n<p>A ACIB \u2013Associa\u00e7\u00e3o Comercial e Industrial da Bairrada abriu, em Oliveira do Bairro, um gabinete de apoio ao tecido empresarial, no \u00e2mbito de um protocolo celebrado entre aquela organiza\u00e7\u00e3o e a GrupUNAVE, empresa participada pela Universidade de Aveiro. Aquela estrutura vai ajudar os empres\u00e1rios abrangidos pela ACIB a procederem a registos de marcas e patentes.<\/p>\n<p>Sever do Vouga<\/p>\n<p>Grande complexo tur\u00edstico<\/p>\n<p>No Bra\u00e7al, um agregado mineiro abandonado, concelho de  Sever do Vouga, vai nascer um complexo tur\u00edstico de grande qualidade, estimado em 8,4 milh\u00f5es de euros. Garantindo 700 novos postos de trabalho, o complexo pretende oferecer 755 quartos nas 166 unidades de alojamento tur\u00edstico.<\/p>\n<p>Entre Ovar e Aveiro<\/p>\n<p>Suburbanos deixam de circular<\/p>\n<p>Devido a obras de moderniza\u00e7\u00e3o da Linha do Norte, os comboios do Grande Porto deixaram de circular entre as esta\u00e7\u00f5es de Aveiro e de Ovar a partir de 31 de Agosto. De acordo com a REFER, esta situa\u00e7\u00e3o vai manter-se at\u00e9 Maio do pr\u00f3ximo ano. <\/p>\n<p>A fim de minimizar o impacto, os comboios regionais passam a efectuar servi\u00e7o suburbano, bem como v\u00e3o ser disponibilizados meios rodovi\u00e1rios.<\/p>\n","protected":false},"excerpt":{"rendered":"<p>Oliveira do Bairro Apoio a empres\u00e1rios A ACIB \u2013Associa\u00e7\u00e3o Comercial e Industrial da Bairrada abriu, em Oliveira do Bairro, um gabinete de apoio ao tecido empresarial, no \u00e2mbito de um protocolo celebrado entre aquela organiza\u00e7\u00e3o e a GrupUNAVE, empresa participada pela Universidade de Aveiro. Aquela estrutura vai ajudar os empres\u00e1rios abrangidos pela ACIB a procederem [&hellip;]<\/p>\n","protected":false},"author":1,"featured_media":0,"comment_status":"open","ping_status":"open","sticky":false,"template":"","format":"standard","meta":{"footnotes":""},"categories":[45],"tags":[],"class_list":["post-47","post","type-post","status-publish","format-standard","hentry","category-regioes"],"_links":{"self":[{"href":"https:\/\/sites.ecclesia.pt\/cv\/wp-json\/wp\/v2\/posts\/47","targetHints":{"allow":["GET"]}}],"collection":[{"href":"https:\/\/sites.ecclesia.pt\/cv\/wp-json\/wp\/v2\/posts"}],"about":[{"href":"https:\/\/sites.ecclesia.pt\/cv\/wp-json\/wp\/v2\/types\/post"}],"author":[{"embeddable":true,"href":"https:\/\/sites.ecclesia.pt\/cv\/wp-json\/wp\/v2\/users\/1"}],"replies":[{"embeddable":true,"href":"https:\/\/sites.ecclesia.pt\/cv\/wp-json\/wp\/v2\/comments?post=47"}],"version-history":[{"count":0,"href":"https:\/\/sites.ecclesia.pt\/cv\/wp-json\/wp\/v2\/posts\/47\/revisions"}],"wp:attachment":[{"href":"https:\/\/sites.ecclesia.pt\/cv\/wp-json\/wp\/v2\/media?parent=47"}],"wp:term":[{"taxonomy":"category","embeddable":true,"href":"https:\/\/sites.ecclesia.pt\/cv\/wp-json\/wp\/v2\/categories?post=47"},{"taxonomy":"post_tag","embeddable":true,"href":"https:\/\/sites.ecclesia.pt\/cv\/wp-json\/wp\/v2\/tags?post=47"}],"curies":[{"name":"wp","href":"https:\/\/api.w.org\/{rel}","templated":true}]}}