{"id":4730,"date":"2006-04-03T14:44:00","date_gmt":"2006-04-03T14:44:00","guid":{"rendered":"http:\/\/localhost:81\/wp1\/?p=4730"},"modified":"2006-04-03T14:44:00","modified_gmt":"2006-04-03T14:44:00","slug":"congresso-eucaristico-e-dia-da-igreja-diocesana","status":"publish","type":"post","link":"https:\/\/sites.ecclesia.pt\/cv\/congresso-eucaristico-e-dia-da-igreja-diocesana\/","title":{"rendered":"Congresso Eucar\u00edstico e Dia da Igreja Diocesana"},"content":{"rendered":"<p>Programa e hor\u00e1rio<\/p>\n<p>Dia 10 de Junho<\/p>\n<p>9h00 \u2013 Acolhimento e entrega de pastas<\/p>\n<p>9h30 \u2013 Sess\u00e3o de abertura (Igreja do Semin\u00e1rio): Ora\u00e7\u00e3o, exposi\u00e7\u00e3o do Sant\u00edssimo<\/p>\n<p>10h00 \u2013 \u201cEucaristia, beleza de Deus\u201d, por D. Ant\u00f3nio Augusto dos Santos Marto<\/p>\n<p>11h00 \u2013 Intervalo<\/p>\n<p>11h30 \u2013 \u201c Reconheceram-n\u2019o no partir do p\u00e3o\u201d, por Ant\u00f3nio Jos\u00e9 da Rocha Couto<\/p>\n<p>12h30 \u2013 Di\u00e1logo com os oradores<\/p>\n<p>13h00 \u2013 Almo\u00e7o<\/p>\n<p>15h00 \u2013 Sess\u00f5es Parciais<\/p>\n<p>\u201cEucaristia e Fam\u00edlia\u201d<\/p>\n<p>\u201cEucaristia e casais recasados\u201d<\/p>\n<p>\u201cEucaristia e celebra\u00e7\u00e3o com crian\u00e7as\u201d<\/p>\n<p>16h30 \u2013 Ora\u00e7\u00e3o final. B\u00ean\u00e7\u00e3o do Sant\u00edssimo<\/p>\n<p>17h00 \u2013 Encerramento<\/p>\n<p>Dia 11 de Junho<\/p>\n<p>09h30 \u2013 Ora\u00e7\u00e3o e exposi\u00e7\u00e3o do Sant\u00edssimo, na Igreja do Semin\u00e1rio<\/p>\n<p>10h00 \u2013 \u201cEucaristia e compromisso social\u201d, por Jos\u00e9 Dias da Silva<\/p>\n<p>11h00 \u2013 Intervalo<\/p>\n<p>11h30 \u2013 \u201cEucaristia num mundo secularizado\u201d, por Maria Isabel Pereira Varanda<\/p>\n<p>12h30 \u2013 Di\u00e1logo com os oradores<\/p>\n<p>13h00 \u2013 Almo\u00e7o<\/p>\n<p>15h00 \u2013 Sess\u00f5es parciais<\/p>\n<p>\u201cEucaristia para al\u00e9m da celebra\u00e7\u00e3o eucar\u00edstica\u201d<\/p>\n<p>\u201cEucaristia e partilha fraterna de bens\u201d<\/p>\n<p>\u201cEucaristia e jovens\u201d<\/p>\n<p>16h30 \u2013 Ora\u00e7\u00e3o final. B\u00ean\u00e7\u00e3o do Sant\u00edssimo<\/p>\n<p>17h00 \u2013 Encerramento<\/p>\n<p>Dia da Igreja Diocesana e Encerramento do Congresso<\/p>\n<p>= Para todos os crist\u00e3os =<\/p>\n<p>14h15 \u2013 Concentra\u00e7\u00e3o no Parque de Aveiro &#8211; Avenida das T\u00edlias<\/p>\n<p>14h30 \u2013 Mensagem orientada pelos jovens da diocese<\/p>\n<p>15h30 \u2013 Celebra\u00e7\u00e3o da Eucaristia<\/p>\n<p>* Encerramento oficial do Congresso * Ac\u00e7\u00e3o de gra\u00e7as pelo 50\u00ba anv.\u00ba da ordena\u00e7\u00e3o presbiteral de D. Ant\u00f3nio Marcelino * Entrega das orienta\u00e7\u00f5es pastorais da caminhada sinodal com os jovens * Envio de mission\u00e1rios<\/p>\n","protected":false},"excerpt":{"rendered":"<p>Programa e hor\u00e1rio Dia 10 de Junho 9h00 \u2013 Acolhimento e entrega de pastas 9h30 \u2013 Sess\u00e3o de abertura (Igreja do Semin\u00e1rio): Ora\u00e7\u00e3o, exposi\u00e7\u00e3o do Sant\u00edssimo 10h00 \u2013 \u201cEucaristia, beleza de Deus\u201d, por D. Ant\u00f3nio Augusto dos Santos Marto 11h00 \u2013 Intervalo 11h30 \u2013 \u201c Reconheceram-n\u2019o no partir do p\u00e3o\u201d, por Ant\u00f3nio Jos\u00e9 da Rocha [&hellip;]<\/p>\n","protected":false},"author":1,"featured_media":0,"comment_status":"open","ping_status":"open","sticky":false,"template":"","format":"standard","meta":{"footnotes":""},"categories":[61],"tags":[],"class_list":["post-4730","post","type-post","status-publish","format-standard","hentry","category-actualidade"],"_links":{"self":[{"href":"https:\/\/sites.ecclesia.pt\/cv\/wp-json\/wp\/v2\/posts\/4730","targetHints":{"allow":["GET"]}}],"collection":[{"href":"https:\/\/sites.ecclesia.pt\/cv\/wp-json\/wp\/v2\/posts"}],"about":[{"href":"https:\/\/sites.ecclesia.pt\/cv\/wp-json\/wp\/v2\/types\/post"}],"author":[{"embeddable":true,"href":"https:\/\/sites.ecclesia.pt\/cv\/wp-json\/wp\/v2\/users\/1"}],"replies":[{"embeddable":true,"href":"https:\/\/sites.ecclesia.pt\/cv\/wp-json\/wp\/v2\/comments?post=4730"}],"version-history":[{"count":0,"href":"https:\/\/sites.ecclesia.pt\/cv\/wp-json\/wp\/v2\/posts\/4730\/revisions"}],"wp:attachment":[{"href":"https:\/\/sites.ecclesia.pt\/cv\/wp-json\/wp\/v2\/media?parent=4730"}],"wp:term":[{"taxonomy":"category","embeddable":true,"href":"https:\/\/sites.ecclesia.pt\/cv\/wp-json\/wp\/v2\/categories?post=4730"},{"taxonomy":"post_tag","embeddable":true,"href":"https:\/\/sites.ecclesia.pt\/cv\/wp-json\/wp\/v2\/tags?post=4730"}],"curies":[{"name":"wp","href":"https:\/\/api.w.org\/{rel}","templated":true}]}}