{"id":48,"date":"2006-04-03T14:44:00","date_gmt":"2006-04-03T14:44:00","guid":{"rendered":"http:\/\/localhost:81\/wp1\/?p=48"},"modified":"2006-04-03T14:44:00","modified_gmt":"2006-04-03T14:44:00","slug":"concurso-das-obras-em-setembro","status":"publish","type":"post","link":"https:\/\/sites.ecclesia.pt\/cv\/concurso-das-obras-em-setembro\/","title":{"rendered":"Concurso das obras em Setembro"},"content":{"rendered":"<p>Ponte da Barra vai ser intervencionada <!--more--> H\u00e1 muito tempo que a C\u00e2mara Municipal de \u00cdlhavo (CMI) tem vindo a reivindicar uma interven\u00e7\u00e3o na Ponte da Barra. T\u00eam sido not\u00f3rios os abatimentos no tabuleiro e isso n\u00e3o passou despercebido aos respons\u00e1veis concelhios, que nunca se cansaram de chamar a aten\u00e7\u00e3o para o facto. Por\u00e9m, s\u00f3 depois do desastre da Ponte de Entre-os-Rios \u00e9 que o IEP (Instituto das Estradas de Portugal) resolveu mandar proceder aos indispens\u00e1veis estudos, tendo chegado \u00e0 conclus\u00e3o de que havia na realidade defici\u00eancias, n\u00e3o ao n\u00edvel dos pilares, \u201cque est\u00e3o bem\u201d, como nos informou o presidente da autarquia ilhavense, Ribau Esteves,  mas apenas ao n\u00edvel do tabuleiro.<\/p>\n<p>Na sequ\u00eancia dos estudos do IEP, ficou ent\u00e3o decidido proceder a interven\u00e7\u00f5es de emerg\u00eancia, j\u00e1 realizadas, \u201cpara corrigir zonas de pr\u00e9-ruptura\u201d, ficando em espera \u201cobras de qualifica\u00e7\u00e3o da ponte, nomeadamente a correc\u00e7\u00e3o dos abatimentos\u201d.<\/p>\n<p>Entretanto, a CMI solicitou h\u00e1 dois anos que, no \u00e2mbito dessas obras, fossem resolvidos dois problemas que permitissem um certo alargamento da Ponte da Barra, com a constru\u00e7\u00e3o de pistas para ciclistas nos actuais passeios, criando-se, fora da actual estrutura, passadi\u00e7os laterais, met\u00e1licos, para pe\u00f5es. O que, informou Ribau Esteves, vai ser uma realidade, muito em breve.<\/p>\n<p>Com esta interven\u00e7\u00e3o, o IEP vai investir 7,5 milh\u00f5es de euros (um milh\u00e3o e meio de contos), garantindo o Minist\u00e9rio das Obras P\u00fablicas \u00e0 autarquia ilhavense que o concurso para as obras de interven\u00e7\u00e3o ser\u00e1 at\u00e9 finais de Setembro, estando o financiamento assegurado pelo PIDDAC (Plano de Investimentos e Despesas de Desenvolvimento da Administra\u00e7\u00e3o Central).<\/p>\n","protected":false},"excerpt":{"rendered":"<p>Ponte da Barra vai ser intervencionada<\/p>\n","protected":false},"author":1,"featured_media":0,"comment_status":"open","ping_status":"open","sticky":false,"template":"","format":"standard","meta":{"footnotes":""},"categories":[38],"tags":[],"class_list":["post-48","post","type-post","status-publish","format-standard","hentry","category-destaque"],"_links":{"self":[{"href":"https:\/\/sites.ecclesia.pt\/cv\/wp-json\/wp\/v2\/posts\/48","targetHints":{"allow":["GET"]}}],"collection":[{"href":"https:\/\/sites.ecclesia.pt\/cv\/wp-json\/wp\/v2\/posts"}],"about":[{"href":"https:\/\/sites.ecclesia.pt\/cv\/wp-json\/wp\/v2\/types\/post"}],"author":[{"embeddable":true,"href":"https:\/\/sites.ecclesia.pt\/cv\/wp-json\/wp\/v2\/users\/1"}],"replies":[{"embeddable":true,"href":"https:\/\/sites.ecclesia.pt\/cv\/wp-json\/wp\/v2\/comments?post=48"}],"version-history":[{"count":0,"href":"https:\/\/sites.ecclesia.pt\/cv\/wp-json\/wp\/v2\/posts\/48\/revisions"}],"wp:attachment":[{"href":"https:\/\/sites.ecclesia.pt\/cv\/wp-json\/wp\/v2\/media?parent=48"}],"wp:term":[{"taxonomy":"category","embeddable":true,"href":"https:\/\/sites.ecclesia.pt\/cv\/wp-json\/wp\/v2\/categories?post=48"},{"taxonomy":"post_tag","embeddable":true,"href":"https:\/\/sites.ecclesia.pt\/cv\/wp-json\/wp\/v2\/tags?post=48"}],"curies":[{"name":"wp","href":"https:\/\/api.w.org\/{rel}","templated":true}]}}