{"id":49,"date":"2006-04-03T14:44:00","date_gmt":"2006-04-03T14:44:00","guid":{"rendered":"http:\/\/localhost:81\/wp1\/?p=49"},"modified":"2006-04-03T14:44:00","modified_gmt":"2006-04-03T14:44:00","slug":"ilhavo","status":"publish","type":"post","link":"https:\/\/sites.ecclesia.pt\/cv\/ilhavo\/","title":{"rendered":"\u00cdlhavo"},"content":{"rendered":"<p>Milhorinto vai encerrar <!--more--> Como tem sido largamente noticiado, o MILHORINTO, \u00fanico labirinto vegetal do nosso Pa\u00eds, implantado na Boavista, em \u00cdlhavo, vai encerrar em 14 de Setembro, para visitantes. Reino Verde, a empresa respons\u00e1vel pela sua implanta\u00e7\u00e3o, h\u00e1 tr\u00eas anos, j\u00e1 o anunciou, alegando o facto da impossibilidade da n\u00e3o renova\u00e7\u00e3o do contrato de arrendamento do espa\u00e7o de cinco hectares.<\/p>\n<p>Segundo informou Isabel Bivar, respons\u00e1vel pelo projecto que atraiu muitos milhares visitantes, sobretudo crian\u00e7as das escolas de v\u00e1rias regi\u00f5es do Pa\u00eds, o propriet\u00e1rio da Quinta da Boavista estar\u00e1 interessado em avan\u00e7ar com um empreendimento imobili\u00e1rio. Tamb\u00e9m afian\u00e7ou que n\u00e3o tem sido poss\u00edvel encontrar um espa\u00e7o alternativo, com as dimens\u00f5es e as caracter\u00edsticas exigidas por este projecto.<\/p>\n<p>O MILHORINTO \u00e9 um labirinto gigante, com ruas, ruelas e becos, com curvas e contracurvas, recortados num milheiral, por onde caminham os visitantes \u00e0 procura da sa\u00edda, o que s\u00f3 \u00e9 poss\u00edvel, muitas vezes, com a ajuda de guias conhecedores profundos do trajecto. <\/p>\n<p>Esta iniciativa explorou um tema por cada ano. O primeiro ano foi dedicado a \u201cOs tr\u00eas porquinhos\u201d, o segundo aos \u201cDescobrimentos\u201d e o terceiro, o \u00faltimo, ao \u201cBacalhau\u201d, talvez em jeito de homenagem aos antigos bacalhoeiros de \u00cdlhavo e sua regi\u00e3o.<\/p>\n<p>Os retardat\u00e1rios ainda poder\u00e3o visitar o MILHORINTO, entre as 12 e as 20 horas, havendo tamb\u00e9m sess\u00f5es nocturnas, com in\u00edcio \u00e0s 21 horas.<\/p>\n<p>Entretanto, no dia 24 haver\u00e1 uma desfolhada com idosos, organizada por uma institui\u00e7\u00e3o vocacionada para o trabalho social com os menos jovens.<\/p>\n","protected":false},"excerpt":{"rendered":"<p>Milhorinto vai encerrar<\/p>\n","protected":false},"author":1,"featured_media":0,"comment_status":"open","ping_status":"open","sticky":false,"template":"","format":"standard","meta":{"footnotes":""},"categories":[45],"tags":[],"class_list":["post-49","post","type-post","status-publish","format-standard","hentry","category-regioes"],"_links":{"self":[{"href":"https:\/\/sites.ecclesia.pt\/cv\/wp-json\/wp\/v2\/posts\/49","targetHints":{"allow":["GET"]}}],"collection":[{"href":"https:\/\/sites.ecclesia.pt\/cv\/wp-json\/wp\/v2\/posts"}],"about":[{"href":"https:\/\/sites.ecclesia.pt\/cv\/wp-json\/wp\/v2\/types\/post"}],"author":[{"embeddable":true,"href":"https:\/\/sites.ecclesia.pt\/cv\/wp-json\/wp\/v2\/users\/1"}],"replies":[{"embeddable":true,"href":"https:\/\/sites.ecclesia.pt\/cv\/wp-json\/wp\/v2\/comments?post=49"}],"version-history":[{"count":0,"href":"https:\/\/sites.ecclesia.pt\/cv\/wp-json\/wp\/v2\/posts\/49\/revisions"}],"wp:attachment":[{"href":"https:\/\/sites.ecclesia.pt\/cv\/wp-json\/wp\/v2\/media?parent=49"}],"wp:term":[{"taxonomy":"category","embeddable":true,"href":"https:\/\/sites.ecclesia.pt\/cv\/wp-json\/wp\/v2\/categories?post=49"},{"taxonomy":"post_tag","embeddable":true,"href":"https:\/\/sites.ecclesia.pt\/cv\/wp-json\/wp\/v2\/tags?post=49"}],"curies":[{"name":"wp","href":"https:\/\/api.w.org\/{rel}","templated":true}]}}