{"id":50,"date":"2006-04-03T14:44:00","date_gmt":"2006-04-03T14:44:00","guid":{"rendered":"http:\/\/localhost:81\/wp1\/?p=50"},"modified":"2006-04-03T14:44:00","modified_gmt":"2006-04-03T14:44:00","slug":"farol-110-anos-a-alumiar-o-oceano","status":"publish","type":"post","link":"https:\/\/sites.ecclesia.pt\/cv\/farol-110-anos-a-alumiar-o-oceano\/","title":{"rendered":"Farol: 110 anos a alumiar o oceano"},"content":{"rendered":"<p>O mais alto Farol de Portugal, o segundo da Europa e terceiro do Mundo, est\u00e1 a comemorar 110 anos de vida a alumiar o oceano, a dar esperan\u00e7a a navegantes e tranquilidade a todos os que mourejam o p\u00e3o nas \u00e1guas.<\/p>\n<p>Um monumento a estimar, n\u00e3o s\u00f3 pelo que faz e fez, mas, tamb\u00e9m, pela sua hist\u00f3ria.<\/p>\n<p>O Grupo de Jovens da Praia da Barra preparou um conjunto de actividades, dando a conhecer o hist\u00f3rico Farol, que est\u00e1 em territ\u00f3rio bem ilhavense, mas \u00e9 conhecido por Farol de Aveiro, com 62 metros de altura. Uma obra de arte nas alturas&#8230;<\/p>\n<p>As visitas prosseguem e est\u00e1 j\u00e1 na mente dos organizadores tornarem-no um marco, n\u00e3o apenas de Aveiro ou \u00cdlhavo, mas com projec\u00e7\u00e3o nacional.<\/p>\n","protected":false},"excerpt":{"rendered":"<p>O mais alto Farol de Portugal, o segundo da Europa e terceiro do Mundo, est\u00e1 a comemorar 110 anos de vida a alumiar o oceano, a dar esperan\u00e7a a navegantes e tranquilidade a todos os que mourejam o p\u00e3o nas \u00e1guas. Um monumento a estimar, n\u00e3o s\u00f3 pelo que faz e fez, mas, tamb\u00e9m, pela [&hellip;]<\/p>\n","protected":false},"author":1,"featured_media":0,"comment_status":"open","ping_status":"open","sticky":false,"template":"","format":"standard","meta":{"footnotes":""},"categories":[45],"tags":[],"class_list":["post-50","post","type-post","status-publish","format-standard","hentry","category-regioes"],"_links":{"self":[{"href":"https:\/\/sites.ecclesia.pt\/cv\/wp-json\/wp\/v2\/posts\/50","targetHints":{"allow":["GET"]}}],"collection":[{"href":"https:\/\/sites.ecclesia.pt\/cv\/wp-json\/wp\/v2\/posts"}],"about":[{"href":"https:\/\/sites.ecclesia.pt\/cv\/wp-json\/wp\/v2\/types\/post"}],"author":[{"embeddable":true,"href":"https:\/\/sites.ecclesia.pt\/cv\/wp-json\/wp\/v2\/users\/1"}],"replies":[{"embeddable":true,"href":"https:\/\/sites.ecclesia.pt\/cv\/wp-json\/wp\/v2\/comments?post=50"}],"version-history":[{"count":0,"href":"https:\/\/sites.ecclesia.pt\/cv\/wp-json\/wp\/v2\/posts\/50\/revisions"}],"wp:attachment":[{"href":"https:\/\/sites.ecclesia.pt\/cv\/wp-json\/wp\/v2\/media?parent=50"}],"wp:term":[{"taxonomy":"category","embeddable":true,"href":"https:\/\/sites.ecclesia.pt\/cv\/wp-json\/wp\/v2\/categories?post=50"},{"taxonomy":"post_tag","embeddable":true,"href":"https:\/\/sites.ecclesia.pt\/cv\/wp-json\/wp\/v2\/tags?post=50"}],"curies":[{"name":"wp","href":"https:\/\/api.w.org\/{rel}","templated":true}]}}