{"id":51,"date":"2006-04-03T14:44:00","date_gmt":"2006-04-03T14:44:00","guid":{"rendered":"http:\/\/localhost:81\/wp1\/?p=51"},"modified":"2006-04-03T14:44:00","modified_gmt":"2006-04-03T14:44:00","slug":"romaria-do-s-paio-da-torreira","status":"publish","type":"post","link":"https:\/\/sites.ecclesia.pt\/cv\/romaria-do-s-paio-da-torreira\/","title":{"rendered":"Romaria do S. Paio da Torreira"},"content":{"rendered":"<p>Milhares de romeiros marcam presen\u00e7a todos os anos <!--more--> Descem da serra ao mar e na passagem levam consigo aqueles que t\u00eam a Ria como vizinha<\/p>\n<p>A Romaria do S. Paio atrai, todos os anos, \u00e0 freguesia da Torreira milhares de romeiros que fazem esta festa popular. O dia 8 de Setembro reserva-se na agenda de ano para ano e, desde Arouca a Sever, das Gafanhas ao Furadouro, todos se fazem presentes. Podemos dizer que muitos descem da serra ao mar e na passagem levam consigo aqueles que t\u00eam a Ria como vizinha. Este dia adquiriu tanta import\u00e2ncia que foi escolhido para feriado municipal da Murtosa, sendo a autarquia a respons\u00e1vel pela organiza\u00e7\u00e3o dos festejos.<\/p>\n<p>N\u00e3o deixa de ser curioso que este dia seja dedicado, no Calend\u00e1rio Romano, \u00e0 Natividade da Virgem Maria e que esta seja tamb\u00e9m, sob a invoca\u00e7\u00e3o de Senhora do Bom Sucesso, Padroeira da Torreira, juntamente com S\u00e3o Paio. Muito provavelmente, a devo\u00e7\u00e3o ao menino m\u00e1rtir foi crescendo e o tempo ter-se-\u00e1 encarregado de confundir e dar novo nome \u00e0 Romaria, mantendo no entanto o dia dedicado a Nossa Senhora. <\/p>\n<p>O programa \u00e9 vasto e estende-se por quatro dias. Assinalamos algumas actividades como a Regata de Moliceiros no s\u00e1bado, pelas 15h,  as tradicionais rusgas durante a noite e o fogo de artif\u00edcio no mar. No domingo, a celebra\u00e7\u00e3o da Eucaristia \u00e0s 11h, a tarde reservada \u00e0s corridas de chinchorros e de bateiras \u00e0 vela e a noite iluminada pelo espectacular fogo de artif\u00edcio na Ria. <\/p>\n<p>O auge da festa \u00e9 o dia 8. \u00c0s 9.45 horas inicia-se a prociss\u00e3o solene da igreja para a capela do S. Paio, onde se celebrar\u00e1 a Eucaristia que \u00e9 seguida de prociss\u00e3o, com os andores dos Padroeiros, unindo a Ria ao Mar numa grande manifesta\u00e7\u00e3o de f\u00e9. <\/p>\n<p>E, embora n\u00e3o oficialmente, a \u00e9poca balnear da Torreira termina e todos esperam um novo ano, um novo Ver\u00e3o e uma nova festa.<\/p>\n","protected":false},"excerpt":{"rendered":"<p>Milhares de romeiros marcam presen\u00e7a todos os anos<\/p>\n","protected":false},"author":1,"featured_media":0,"comment_status":"open","ping_status":"open","sticky":false,"template":"","format":"standard","meta":{"footnotes":""},"categories":[38],"tags":[],"class_list":["post-51","post","type-post","status-publish","format-standard","hentry","category-destaque"],"_links":{"self":[{"href":"https:\/\/sites.ecclesia.pt\/cv\/wp-json\/wp\/v2\/posts\/51","targetHints":{"allow":["GET"]}}],"collection":[{"href":"https:\/\/sites.ecclesia.pt\/cv\/wp-json\/wp\/v2\/posts"}],"about":[{"href":"https:\/\/sites.ecclesia.pt\/cv\/wp-json\/wp\/v2\/types\/post"}],"author":[{"embeddable":true,"href":"https:\/\/sites.ecclesia.pt\/cv\/wp-json\/wp\/v2\/users\/1"}],"replies":[{"embeddable":true,"href":"https:\/\/sites.ecclesia.pt\/cv\/wp-json\/wp\/v2\/comments?post=51"}],"version-history":[{"count":0,"href":"https:\/\/sites.ecclesia.pt\/cv\/wp-json\/wp\/v2\/posts\/51\/revisions"}],"wp:attachment":[{"href":"https:\/\/sites.ecclesia.pt\/cv\/wp-json\/wp\/v2\/media?parent=51"}],"wp:term":[{"taxonomy":"category","embeddable":true,"href":"https:\/\/sites.ecclesia.pt\/cv\/wp-json\/wp\/v2\/categories?post=51"},{"taxonomy":"post_tag","embeddable":true,"href":"https:\/\/sites.ecclesia.pt\/cv\/wp-json\/wp\/v2\/tags?post=51"}],"curies":[{"name":"wp","href":"https:\/\/api.w.org\/{rel}","templated":true}]}}