{"id":52,"date":"2006-04-03T14:44:00","date_gmt":"2006-04-03T14:44:00","guid":{"rendered":"http:\/\/localhost:81\/wp1\/?p=52"},"modified":"2006-04-03T14:44:00","modified_gmt":"2006-04-03T14:44:00","slug":"serra-de-s-macario","status":"publish","type":"post","link":"https:\/\/sites.ecclesia.pt\/cv\/serra-de-s-macario\/","title":{"rendered":"Serra de S. Mac\u00e1rio"},"content":{"rendered":"<p>QUERCUS organiza percurso pedestre <!--more--> No pr\u00f3ximo dia 13 de Setembro, o N\u00facleo Regional de Aveiro da QUERCUS vai organizar um percurso pedestre na Serra de S. Mac\u00e1rio, entre as aldeias da Pena e Covas do Monte. O objectivo desta iniciativa \u00e9 promover o contacto com a natureza, ajudando os participantes a conhecerem o patrim\u00f3nio natural e tradicional daquela regi\u00e3o e a  confraternizarem uns com os outros.<\/p>\n<p>As inscri\u00e7\u00f5es ter\u00e3o de ser feitas obrigatoriamente atrav\u00e9s do telefone 966551372, at\u00e9 10 de Setembro, mediante o pagamento de cinco euros, para n\u00e3o associados. Crian\u00e7as com menos de dez anos e s\u00f3cios est\u00e3o dispensados de qualquer pagamento. O almo\u00e7o  regional, que se recomenda vivamente,  custa aproximadamente 12 euros por adulto e seis por crian\u00e7a.<\/p>\n<p>O transporte de e para o local tem de ser pr\u00f3prio ou partilhado, devendo os participantes levar \u00e1gua, comida leve para antes do almo\u00e7o, roupa e cal\u00e7ado apropriados, bin\u00f3culos e\u2026 boa disposi\u00e7\u00e3o.<\/p>\n<p>O ponto de encontro \u00e9 \u00e0s 8 horas na sede da QUERCUS-Aveiro, Urbaniza\u00e7\u00e3o de Santiago, Bl. 25. Como alternativa, os participantes podem apresentar-se \u00e0s 19 horas na aldeia da Pena.<\/p>\n","protected":false},"excerpt":{"rendered":"<p>QUERCUS organiza percurso pedestre<\/p>\n","protected":false},"author":1,"featured_media":0,"comment_status":"open","ping_status":"open","sticky":false,"template":"","format":"standard","meta":{"footnotes":""},"categories":[45],"tags":[],"class_list":["post-52","post","type-post","status-publish","format-standard","hentry","category-regioes"],"_links":{"self":[{"href":"https:\/\/sites.ecclesia.pt\/cv\/wp-json\/wp\/v2\/posts\/52","targetHints":{"allow":["GET"]}}],"collection":[{"href":"https:\/\/sites.ecclesia.pt\/cv\/wp-json\/wp\/v2\/posts"}],"about":[{"href":"https:\/\/sites.ecclesia.pt\/cv\/wp-json\/wp\/v2\/types\/post"}],"author":[{"embeddable":true,"href":"https:\/\/sites.ecclesia.pt\/cv\/wp-json\/wp\/v2\/users\/1"}],"replies":[{"embeddable":true,"href":"https:\/\/sites.ecclesia.pt\/cv\/wp-json\/wp\/v2\/comments?post=52"}],"version-history":[{"count":0,"href":"https:\/\/sites.ecclesia.pt\/cv\/wp-json\/wp\/v2\/posts\/52\/revisions"}],"wp:attachment":[{"href":"https:\/\/sites.ecclesia.pt\/cv\/wp-json\/wp\/v2\/media?parent=52"}],"wp:term":[{"taxonomy":"category","embeddable":true,"href":"https:\/\/sites.ecclesia.pt\/cv\/wp-json\/wp\/v2\/categories?post=52"},{"taxonomy":"post_tag","embeddable":true,"href":"https:\/\/sites.ecclesia.pt\/cv\/wp-json\/wp\/v2\/tags?post=52"}],"curies":[{"name":"wp","href":"https:\/\/api.w.org\/{rel}","templated":true}]}}