{"id":57,"date":"2006-04-03T14:44:00","date_gmt":"2006-04-03T14:44:00","guid":{"rendered":"http:\/\/localhost:81\/wp1\/?p=57"},"modified":"2006-04-03T14:44:00","modified_gmt":"2006-04-03T14:44:00","slug":"uniao-europeia-e-os-incendios-florestais","status":"publish","type":"post","link":"https:\/\/sites.ecclesia.pt\/cv\/uniao-europeia-e-os-incendios-florestais\/","title":{"rendered":"Uni\u00e3o Europeia e os inc\u00eandios florestais"},"content":{"rendered":"<p>Comunidade solid\u00e1ria <!--more--> A Uni\u00e3o Europeia (UE) n\u00e3o \u00e9 um supermercado, mas uma comunidade humana e solid\u00e1ria, afirmou o Comiss\u00e1rio para a Pol\u00edtica Regional, Michel Barnier, depois da visita que fez \u00e0s regi\u00f5es que ficaram marcadas pelos inc\u00eandios florestais da primeira quinzena de Agosto. E como prova disso, lembrou os contributos da UE para outras calamidades que ocorreram na Europa, nomeadamente as inunda\u00e7\u00f5es na Europa Central, as tempestades na Fran\u00e7a e o naufr\u00e1gio do Prestige, na Galiza.<\/p>\n<p>Como \u00e9 sabido, o Fundo de Solidariedade da UE atribui quase 32 milh\u00f5es de euros, prometendo o Comiss\u00e1rio mais ajudas significa-tivas para limpezas, refloresta\u00e7\u00e3o e cria\u00e7\u00e3o de novos empregos nos distritos afectados. Mas tamb\u00e9m sublinhou que a preven\u00e7\u00e3o custa menos do que a recupera\u00e7\u00e3o, pelo que se prev\u00ea uma intensifica\u00e7\u00e3o de esfor\u00e7os muitos concretos, \u00e0quele n\u00edvel, na comunidade europeia.<\/p>\n<p>Ao mostrar-se comovido com o espect\u00e1culo de desola\u00e7\u00e3o que p\u00f4de presenciar, o pior desde que assumiu o cargo, o Comiss\u00e1rio Michel Barnier garante que tudo far\u00e1 para que os subs\u00eddios fiquem dispon\u00edveis j\u00e1 em Outubro, se o Conselho de Ministros da UE os aprovar, como se espera que aconte\u00e7a.<\/p>\n","protected":false},"excerpt":{"rendered":"<p>Comunidade solid\u00e1ria<\/p>\n","protected":false},"author":1,"featured_media":0,"comment_status":"open","ping_status":"open","sticky":false,"template":"","format":"standard","meta":{"footnotes":""},"categories":[64],"tags":[],"class_list":["post-57","post","type-post","status-publish","format-standard","hentry","category-geral"],"_links":{"self":[{"href":"https:\/\/sites.ecclesia.pt\/cv\/wp-json\/wp\/v2\/posts\/57","targetHints":{"allow":["GET"]}}],"collection":[{"href":"https:\/\/sites.ecclesia.pt\/cv\/wp-json\/wp\/v2\/posts"}],"about":[{"href":"https:\/\/sites.ecclesia.pt\/cv\/wp-json\/wp\/v2\/types\/post"}],"author":[{"embeddable":true,"href":"https:\/\/sites.ecclesia.pt\/cv\/wp-json\/wp\/v2\/users\/1"}],"replies":[{"embeddable":true,"href":"https:\/\/sites.ecclesia.pt\/cv\/wp-json\/wp\/v2\/comments?post=57"}],"version-history":[{"count":0,"href":"https:\/\/sites.ecclesia.pt\/cv\/wp-json\/wp\/v2\/posts\/57\/revisions"}],"wp:attachment":[{"href":"https:\/\/sites.ecclesia.pt\/cv\/wp-json\/wp\/v2\/media?parent=57"}],"wp:term":[{"taxonomy":"category","embeddable":true,"href":"https:\/\/sites.ecclesia.pt\/cv\/wp-json\/wp\/v2\/categories?post=57"},{"taxonomy":"post_tag","embeddable":true,"href":"https:\/\/sites.ecclesia.pt\/cv\/wp-json\/wp\/v2\/tags?post=57"}],"curies":[{"name":"wp","href":"https:\/\/api.w.org\/{rel}","templated":true}]}}