{"id":5770,"date":"2006-04-03T14:44:00","date_gmt":"2006-04-03T14:44:00","guid":{"rendered":"http:\/\/localhost:81\/wp1\/?p=5770"},"modified":"2006-04-03T14:44:00","modified_gmt":"2006-04-03T14:44:00","slug":"aveiro-transformado-em-palco-do-mundo","status":"publish","type":"post","link":"https:\/\/sites.ecclesia.pt\/cv\/aveiro-transformado-em-palco-do-mundo\/","title":{"rendered":"Aveiro transformado em palco do mundo"},"content":{"rendered":"<p>O SET \u2013 Sons Em Tr\u00e2nsito, Festival de M\u00fasicas do Mundo de Aveiro, na quarta edi\u00e7\u00e3o, vem-se afirmando como maior acontecimento cultural da cidade de Aveiro. Este ano alarga-se a mais tr\u00eas cidades: Bragan\u00e7a, Famalic\u00e3o e Vila Real. Mas apenas a cidade de Aveiro contar\u00e1 com concertos de todos os artistas.<\/p>\n<p>Vasco Sacramento, director art\u00edstico do festival, afirma que \u201co programa deste ano \u00e9 claramente o melhor de sempre em qualidade e diversidade, cumprindo uma matriz (&#8230;) de confronto e mistura entre culturas tradicionais e urbanas\u201d. E a confirma\u00e7\u00e3o do grau de qualidade da programa\u00e7\u00e3o deste ano est\u00e1 na nomea\u00e7\u00e3o de tr\u00eas dos m\u00fasicos presentes em Aveiro para os pr\u00e9mios  \u201cWorld Music\u201d da BBC. Os artistas foram convidados antes de se conhecerem as nomea\u00e7\u00f5es.<\/p>\n<p>Em paralelo com os concertos, h\u00e1 um vasto programa de cinema, contos, exposi\u00e7\u00f5es, ateli\u00eas e feiras do livro e do disco.<\/p>\n<p>Os concertos decorrem no Teatro Aveirense, sempre \u00e0s 21h30.<\/p>\n<p>Pre\u00e7o dos bilhetes: di\u00e1rio 10 euros; 1\u00ba Fim de semana 20 euros; 2\u00ba Fim de semana 27,5 euros. Estudantes e maiores de 65 anos t\u00eam desconto de 20%.<\/p>\n<p>Victor Gama (Portugal)<\/p>\n<p>24 de Novembro, quinta-feira<\/p>\n<p>Inventor de instrumentos, tem feito furor nos circuitos europeus de m\u00fasica, mas \u00e9 quase desconhecido em Portugal. Victor Gama \u00e9 engenheiro de forma\u00e7\u00e3o e tem-se dedicado \u00e0 cria\u00e7\u00e3o e inven\u00e7\u00e3o de instrumentos de m\u00fasica atrav\u00e9s do projecto Pangeia. Nos dias anteriores ao festival, o m\u00fasico orientou ateli\u00eas nas escolas secund\u00e1rias da cidade. Durante o SET, alguns dos instrumentos da sua autoria estar\u00e3o expostos.<\/p>\n<p>Faiz Ali Faiz (Paquist\u00e3o)<\/p>\n<p>24 de Novembro, quinta-feira<\/p>\n<p>Ningu\u00e9m resiste ao canto selvagem e indom\u00e1vel, muitas vezes parecendo ingovern\u00e1vel, de Faiz Ali Faiz, o m\u00fasico de 43 anos, apontado como sucessor do grande Nusrat Fath Ali Khan. Faiz Ali Faiz canta qawwli, um tipo de c\u00e2ntico m\u00edstico dos mu\u00e7ulmanos, que de t\u00e3o arrebatador que \u00e9 pode parecer heavy metal. Assistir a este concerto pode induzir momentos \u00e9picos dignos de uma sinfonia de Beethoven ou a adrenalina de um concerto rock.<\/p>\n<p>Dan\u00e7as Ocultas (Portugal)<\/p>\n<p>25 de Novembro, sexta-feira<\/p>\n<p> \u201cO melhor festival da regi\u00e3o recebe a melhor banda da regi\u00e3o\u201d. Para este concerto especial, o grupo de \u00c1gueda preparou uma noite inesquec\u00edvel, em que ao quarteto de concertinas se juntam outros instrumentistas. O grupo que deu modernidade e urbanidade \u00e0 concertina, sem a descaracterizar, est\u00e1 a celebrar dez anos. Este espet\u00e1culo, sob a direc\u00e7\u00e3o de Artur Fernandes, ser\u00e1 gravado, para posterior edi\u00e7\u00e3o.<\/p>\n<p>Celso Fonseca (Brasil)<\/p>\n<p>26 de Novembro, s\u00e1bado<\/p>\n<p>Como compositor ou produtor, Celso Fonseca j\u00e1 colaborou com Caetano Veloso, Gilberto Gil, Gal Costa, Daniela Mercury, Adriana Calcanhoto e Ney Matogrosso, entre outros. Seria suficiente para um percurso brilhante. Por\u00e9m, em 2003, lan\u00e7ou \u201cNatural\u201d e a partir de ent\u00e3o \u00e9 considerado renovador ou revolucion\u00e1rio da bossa nova. O seu concerto promete \u201ctodo o a\u00e7\u00facar da M\u00fasica Popular Brasileira\u201d<\/p>\n<p>Armenian Navy Band (Arm\u00e9nia)<\/p>\n<p>30 de Novembro, quarta-feira<\/p>\n<p>Os mais elementares conhecimentos de geografia d\u00e3o para perceber que a Arm\u00e9nia n\u00e3o \u00e9 banhada por nenhum mar. Mas tem uma \u2018Banda da Marinha da Arm\u00e9nia\u2019. \u201c\u00c9 exactamente este humor requintado que povoa toda a m\u00fasica da ANB\u201d, afirma a organiza\u00e7\u00e3o do SET. A sonoridade da ANB funde as ra\u00edzes da m\u00fasica do C\u00e1ucaso com modernos e arejados arranjos jazz\u00edsticos.<\/p>\n<p>Mahamoud Ahmed (Eti\u00f3pia)<\/p>\n<p>1 de Dezembro, quinta-feira<\/p>\n<p>Addis Abeda, capital da Eti\u00f3pia, \u00e9 um dos centros culturais mais efervescentes em toda a \u00c1frica. Da\u00ed prov\u00e9m Mahamoud Ahmed, o \u201cJames Brown africano\u201d, que, no Ver\u00e3o passado, deu os melhores concertos nos festivais de refer\u00eancia da \u201cworld music\u201d, o Mar de Musicas de Cartagena e o WOMAD, dirigido por Peter Gabriel. Ahmed come\u00e7a a ter o reconhecimento que merece no mundo ocidental.<\/p>\n<p>Toumani Diabat\u00e9 &#038; The Symmetric Orchestra (Mali)<\/p>\n<p>2 de Dezembro, sexta-feira<\/p>\n<p>A kora \u00e9 uma esp\u00e9cie de harpa africana, em que a caixa de resson\u00e2ncia \u00e9 uma caba\u00e7a. Toumani Diabat\u00e9 \u00e9 o melhor executante mundial desse instrumento. A sua vinda ao SET servir\u00e1 para apresentar em estreia mundial o seu novo disco, a sair em Fevereiro de 2006 e que j\u00e1 \u00e9 aclamado, por quem o ouviu, como o melhor da m\u00fasica africana dos \u00faltimos anos.<\/p>\n<p>Corey Harris (EUA)<\/p>\n<p>2 de Dezembro, sexta-feira<\/p>\n<p>M\u00fasico blues da nova gera\u00e7\u00e3o, Corey Harris tem-se dedicado a explorar as ra\u00edzes africanas do blues (pelo que Martin Scorcese o escolheu para guia de \u201cFeel Like Going Home\u201d, document\u00e1rio sobre a origem do blues no Mali). Editou \u201cMississipi to Mali\u201d, que mereceu a boa cr\u00edtica internacional. Metade do \u00e1lbum foi gravado no Mali e outra metade no Mississipi,com grandes lendas do blues mais tradicional e \u201cartesanal\u201d.<\/p>\n<p>June Tabor (Inglaterra)<\/p>\n<p>3 de Dezembro, s\u00e1bado<\/p>\n<p>Nome maior da folk brit\u00e2nica, June Tabor regressa a Portugal quando comemora 30 anos de carreira e apresenta o seu novo disco, \u201cAt The Wood\u2019s Heart\u201d. Maravilhosa contadora de hist\u00f3rias, de enorme requinte interpretativo e com uma rela\u00e7\u00e3o muito especial com a palavra e a literatura, June Tabor \u00e9 a voz mais respeitada e de maior prest\u00edgio internacional na \u00e1rea da folk.<\/p>\n","protected":false},"excerpt":{"rendered":"<p>O SET \u2013 Sons Em Tr\u00e2nsito, Festival de M\u00fasicas do Mundo de Aveiro, na quarta edi\u00e7\u00e3o, vem-se afirmando como maior acontecimento cultural da cidade de Aveiro. Este ano alarga-se a mais tr\u00eas cidades: Bragan\u00e7a, Famalic\u00e3o e Vila Real. Mas apenas a cidade de Aveiro contar\u00e1 com concertos de todos os artistas. Vasco Sacramento, director art\u00edstico [&hellip;]<\/p>\n","protected":false},"author":1,"featured_media":0,"comment_status":"open","ping_status":"open","sticky":false,"template":"","format":"standard","meta":{"footnotes":""},"categories":[61],"tags":[],"class_list":["post-5770","post","type-post","status-publish","format-standard","hentry","category-actualidade"],"_links":{"self":[{"href":"https:\/\/sites.ecclesia.pt\/cv\/wp-json\/wp\/v2\/posts\/5770","targetHints":{"allow":["GET"]}}],"collection":[{"href":"https:\/\/sites.ecclesia.pt\/cv\/wp-json\/wp\/v2\/posts"}],"about":[{"href":"https:\/\/sites.ecclesia.pt\/cv\/wp-json\/wp\/v2\/types\/post"}],"author":[{"embeddable":true,"href":"https:\/\/sites.ecclesia.pt\/cv\/wp-json\/wp\/v2\/users\/1"}],"replies":[{"embeddable":true,"href":"https:\/\/sites.ecclesia.pt\/cv\/wp-json\/wp\/v2\/comments?post=5770"}],"version-history":[{"count":0,"href":"https:\/\/sites.ecclesia.pt\/cv\/wp-json\/wp\/v2\/posts\/5770\/revisions"}],"wp:attachment":[{"href":"https:\/\/sites.ecclesia.pt\/cv\/wp-json\/wp\/v2\/media?parent=5770"}],"wp:term":[{"taxonomy":"category","embeddable":true,"href":"https:\/\/sites.ecclesia.pt\/cv\/wp-json\/wp\/v2\/categories?post=5770"},{"taxonomy":"post_tag","embeddable":true,"href":"https:\/\/sites.ecclesia.pt\/cv\/wp-json\/wp\/v2\/tags?post=5770"}],"curies":[{"name":"wp","href":"https:\/\/api.w.org\/{rel}","templated":true}]}}