{"id":5771,"date":"2006-04-03T14:44:00","date_gmt":"2006-04-03T14:44:00","guid":{"rendered":"http:\/\/localhost:81\/wp1\/?p=5771"},"modified":"2006-04-03T14:44:00","modified_gmt":"2006-04-03T14:44:00","slug":"exposicao-anual-do-aveiro-arte-2","status":"publish","type":"post","link":"https:\/\/sites.ecclesia.pt\/cv\/exposicao-anual-do-aveiro-arte-2\/","title":{"rendered":"Exposi\u00e7\u00e3o anual do Aveiro Arte"},"content":{"rendered":"<p>Para ver at\u00e9 30 de Novembro <!--more--> Na Galeria Morgados da Pedricosa, est\u00e1 patente ao p\u00fablico, at\u00e9 ao dia 30 de Novembro, a exposi\u00e7\u00e3o anual do Aveiro Arte \u2013 C\u00edrculo Experimental de Artistas Pl\u00e1sticos, que conta com a participa\u00e7\u00e3o de 29 artistas, que apresentam 47 trabalhos, entre pintura, escultura, cer\u00e2mica e fotografia.<\/p>\n<p>Nesta mostra est\u00e3o patentes obras dos artistas: A. Souto, Artur Fino, Aurora Peres, Bl\u00e1s, Caramujo, Carlos Louren\u00e7o, Claudette Albino, Cristina Caetano, Fernando Rodrigues, Ferreira de Almeida, Gaspar Albino, Gra\u00e7a Marto, Guilhermina Pereira, Jeremias Bandarra, Jo\u00e3o Almeida, Jorge Barroca, Jos\u00e9 Monteiro, J\u00falio Pires, L\u00facia Seabra, Marcela Rios, Mil\u00fa Sardinha, Mourinho Campos, Naldi Maltez, Oscar Gra\u00e7a, Paulo Curado, Ruka, Suzana T\u00e1vora, Waldemar Ribau e Z\u00e9 Augusto.<\/p>\n<p>O grupo Aveiro Arte surgiu no in\u00edcio da d\u00e9cada de 1970, por iniciativa dos artistas Arlindo Vicente, C\u00e2ndido Teles, Carlos Coelho, David Cristo, Guerra de Abreu, Artur Fino, C\u00e2ndida do Ros\u00e1rio, Clara Meneres, Gaspar Albino, Helder Bandarra, Jaime Borges, Jeremias Bandarra, Jorge Trindade, Jos\u00e9 Penicheiro, Vasco Branco e Z\u00e9 Augusto, os primeiros cinco j\u00e1 falecidos. No entanto, s\u00f3 por escritura p\u00fablica de 18 de Novembro de 1999 \u00e9 que o grupo se formalizou como associa\u00e7\u00e3o, adoptando ent\u00e3o o nome de Aveiro Arte \u2013 C\u00edrculo Experimental dos Artistas Pl\u00e1sticos.<\/p>\n<p>C.F.<\/p>\n","protected":false},"excerpt":{"rendered":"<p>Para ver at\u00e9 30 de Novembro<\/p>\n","protected":false},"author":1,"featured_media":0,"comment_status":"open","ping_status":"open","sticky":false,"template":"","format":"standard","meta":{"footnotes":""},"categories":[63],"tags":[],"class_list":["post-5771","post","type-post","status-publish","format-standard","hentry","category-aveiro"],"_links":{"self":[{"href":"https:\/\/sites.ecclesia.pt\/cv\/wp-json\/wp\/v2\/posts\/5771","targetHints":{"allow":["GET"]}}],"collection":[{"href":"https:\/\/sites.ecclesia.pt\/cv\/wp-json\/wp\/v2\/posts"}],"about":[{"href":"https:\/\/sites.ecclesia.pt\/cv\/wp-json\/wp\/v2\/types\/post"}],"author":[{"embeddable":true,"href":"https:\/\/sites.ecclesia.pt\/cv\/wp-json\/wp\/v2\/users\/1"}],"replies":[{"embeddable":true,"href":"https:\/\/sites.ecclesia.pt\/cv\/wp-json\/wp\/v2\/comments?post=5771"}],"version-history":[{"count":0,"href":"https:\/\/sites.ecclesia.pt\/cv\/wp-json\/wp\/v2\/posts\/5771\/revisions"}],"wp:attachment":[{"href":"https:\/\/sites.ecclesia.pt\/cv\/wp-json\/wp\/v2\/media?parent=5771"}],"wp:term":[{"taxonomy":"category","embeddable":true,"href":"https:\/\/sites.ecclesia.pt\/cv\/wp-json\/wp\/v2\/categories?post=5771"},{"taxonomy":"post_tag","embeddable":true,"href":"https:\/\/sites.ecclesia.pt\/cv\/wp-json\/wp\/v2\/tags?post=5771"}],"curies":[{"name":"wp","href":"https:\/\/api.w.org\/{rel}","templated":true}]}}