{"id":5772,"date":"2006-04-03T14:44:00","date_gmt":"2006-04-03T14:44:00","guid":{"rendered":"http:\/\/localhost:81\/wp1\/?p=5772"},"modified":"2006-04-03T14:44:00","modified_gmt":"2006-04-03T14:44:00","slug":"media-markt-abre-amanha","status":"publish","type":"post","link":"https:\/\/sites.ecclesia.pt\/cv\/media-markt-abre-amanha\/","title":{"rendered":"Media Markt abre amanh\u00e3"},"content":{"rendered":"<p>Abre ao p\u00fablico, no dia 24 de Novembro, a Media Markt, loja de electr\u00f3nica de consumo, que promete uma oferta de produtos superior a 45.000 artigos. A loja de Aveiro emprega mais de 100 pessoas e ocupa uma \u00e1rea de 3.000m2, na Zona Industrial, junto a outros grandes estabelecimentos comerciais.<\/p>\n","protected":false},"excerpt":{"rendered":"<p>Abre ao p\u00fablico, no dia 24 de Novembro, a Media Markt, loja de electr\u00f3nica de consumo, que promete uma oferta de produtos superior a 45.000 artigos. A loja de Aveiro emprega mais de 100 pessoas e ocupa uma \u00e1rea de 3.000m2, na Zona Industrial, junto a outros grandes estabelecimentos comerciais.<\/p>\n","protected":false},"author":1,"featured_media":0,"comment_status":"open","ping_status":"open","sticky":false,"template":"","format":"standard","meta":{"footnotes":""},"categories":[63],"tags":[],"class_list":["post-5772","post","type-post","status-publish","format-standard","hentry","category-aveiro"],"_links":{"self":[{"href":"https:\/\/sites.ecclesia.pt\/cv\/wp-json\/wp\/v2\/posts\/5772","targetHints":{"allow":["GET"]}}],"collection":[{"href":"https:\/\/sites.ecclesia.pt\/cv\/wp-json\/wp\/v2\/posts"}],"about":[{"href":"https:\/\/sites.ecclesia.pt\/cv\/wp-json\/wp\/v2\/types\/post"}],"author":[{"embeddable":true,"href":"https:\/\/sites.ecclesia.pt\/cv\/wp-json\/wp\/v2\/users\/1"}],"replies":[{"embeddable":true,"href":"https:\/\/sites.ecclesia.pt\/cv\/wp-json\/wp\/v2\/comments?post=5772"}],"version-history":[{"count":0,"href":"https:\/\/sites.ecclesia.pt\/cv\/wp-json\/wp\/v2\/posts\/5772\/revisions"}],"wp:attachment":[{"href":"https:\/\/sites.ecclesia.pt\/cv\/wp-json\/wp\/v2\/media?parent=5772"}],"wp:term":[{"taxonomy":"category","embeddable":true,"href":"https:\/\/sites.ecclesia.pt\/cv\/wp-json\/wp\/v2\/categories?post=5772"},{"taxonomy":"post_tag","embeddable":true,"href":"https:\/\/sites.ecclesia.pt\/cv\/wp-json\/wp\/v2\/tags?post=5772"}],"curies":[{"name":"wp","href":"https:\/\/api.w.org\/{rel}","templated":true}]}}