{"id":5773,"date":"2006-04-03T14:44:00","date_gmt":"2006-04-03T14:44:00","guid":{"rendered":"http:\/\/localhost:81\/wp1\/?p=5773"},"modified":"2006-04-03T14:44:00","modified_gmt":"2006-04-03T14:44:00","slug":"dificuldades-de-escrita-e-leitura-em-foco","status":"publish","type":"post","link":"https:\/\/sites.ecclesia.pt\/cv\/dificuldades-de-escrita-e-leitura-em-foco\/","title":{"rendered":"Dificuldades de escrita e leitura em foco"},"content":{"rendered":"<p>Dirigida a docentes, psic\u00f3logos, pais e outros intervenientes no processo educativo, realiza-se, no dia 12 de Dezembro, a confer\u00eancia \u201cDificuldades Espec\u00edficas de Leitura e Escrita\u201d (dislexias e disgrafias), no Centro Cultural e de Congressos de Aveiro. Para inscri\u00e7\u00f5es ou informa\u00e7\u00f5es, contacte: Esc. Sec. Jaime Magalh\u00e3es Lima, Rua Padre Jos\u00e9 Maria Taborda, Esgueira, 3804-506 Aveiro. Telefone 234 302 480.<\/p>\n","protected":false},"excerpt":{"rendered":"<p>Dirigida a docentes, psic\u00f3logos, pais e outros intervenientes no processo educativo, realiza-se, no dia 12 de Dezembro, a confer\u00eancia \u201cDificuldades Espec\u00edficas de Leitura e Escrita\u201d (dislexias e disgrafias), no Centro Cultural e de Congressos de Aveiro. Para inscri\u00e7\u00f5es ou informa\u00e7\u00f5es, contacte: Esc. Sec. Jaime Magalh\u00e3es Lima, Rua Padre Jos\u00e9 Maria Taborda, Esgueira, 3804-506 Aveiro. Telefone [&hellip;]<\/p>\n","protected":false},"author":1,"featured_media":0,"comment_status":"open","ping_status":"open","sticky":false,"template":"","format":"standard","meta":{"footnotes":""},"categories":[63],"tags":[],"class_list":["post-5773","post","type-post","status-publish","format-standard","hentry","category-aveiro"],"_links":{"self":[{"href":"https:\/\/sites.ecclesia.pt\/cv\/wp-json\/wp\/v2\/posts\/5773","targetHints":{"allow":["GET"]}}],"collection":[{"href":"https:\/\/sites.ecclesia.pt\/cv\/wp-json\/wp\/v2\/posts"}],"about":[{"href":"https:\/\/sites.ecclesia.pt\/cv\/wp-json\/wp\/v2\/types\/post"}],"author":[{"embeddable":true,"href":"https:\/\/sites.ecclesia.pt\/cv\/wp-json\/wp\/v2\/users\/1"}],"replies":[{"embeddable":true,"href":"https:\/\/sites.ecclesia.pt\/cv\/wp-json\/wp\/v2\/comments?post=5773"}],"version-history":[{"count":0,"href":"https:\/\/sites.ecclesia.pt\/cv\/wp-json\/wp\/v2\/posts\/5773\/revisions"}],"wp:attachment":[{"href":"https:\/\/sites.ecclesia.pt\/cv\/wp-json\/wp\/v2\/media?parent=5773"}],"wp:term":[{"taxonomy":"category","embeddable":true,"href":"https:\/\/sites.ecclesia.pt\/cv\/wp-json\/wp\/v2\/categories?post=5773"},{"taxonomy":"post_tag","embeddable":true,"href":"https:\/\/sites.ecclesia.pt\/cv\/wp-json\/wp\/v2\/tags?post=5773"}],"curies":[{"name":"wp","href":"https:\/\/api.w.org\/{rel}","templated":true}]}}