{"id":5775,"date":"2006-04-03T14:44:00","date_gmt":"2006-04-03T14:44:00","guid":{"rendered":"http:\/\/localhost:81\/wp1\/?p=5775"},"modified":"2006-04-03T14:44:00","modified_gmt":"2006-04-03T14:44:00","slug":"autarcas-de-bourges-em-aveiro","status":"publish","type":"post","link":"https:\/\/sites.ecclesia.pt\/cv\/autarcas-de-bourges-em-aveiro\/","title":{"rendered":"Autarcas de Bourges em Aveiro"},"content":{"rendered":"<p>Refor\u00e7o dos la\u00e7os de gemina\u00e7\u00e3o <!--more--> Uma delega\u00e7\u00e3o da cidade francesa de Bourges, liderada pelo respectivo presidente da autarquia, Serge Lepeltier, esteve na cidade de Aveiro, na semana passada, para refor\u00e7ar os la\u00e7os de gemina\u00e7\u00e3o e promover um maior e prof\u00edcuo interc\u00e2mbio entre as duas cidades \u201cirm\u00e3s\u201d, objectivos tamb\u00e9m defendidos pelos rec\u00e9m empossados autarcas aveirenses.<\/p>\n<p>Esta visita dos autarcas de Bourges dever\u00e1 incentivar o interc\u00e2mbio cultural entre as duas cidades, potenciando a desloca\u00e7\u00e3o de agentes culturais aveirenses a Fran\u00e7a, e de franceses \u00e0 \u201ccidade dos canais\u201d, nomeadamente nas \u00e1reas da m\u00fasica, da dan\u00e7a, do teatro, entre outras, para al\u00e9m de poder criar e desenvolver uma liga\u00e7\u00e3o mais forte entre os sectores empresariais das duas regi\u00f5es.<\/p>\n","protected":false},"excerpt":{"rendered":"<p>Refor\u00e7o dos la\u00e7os de gemina\u00e7\u00e3o<\/p>\n","protected":false},"author":1,"featured_media":0,"comment_status":"open","ping_status":"open","sticky":false,"template":"","format":"standard","meta":{"footnotes":""},"categories":[63],"tags":[],"class_list":["post-5775","post","type-post","status-publish","format-standard","hentry","category-aveiro"],"_links":{"self":[{"href":"https:\/\/sites.ecclesia.pt\/cv\/wp-json\/wp\/v2\/posts\/5775","targetHints":{"allow":["GET"]}}],"collection":[{"href":"https:\/\/sites.ecclesia.pt\/cv\/wp-json\/wp\/v2\/posts"}],"about":[{"href":"https:\/\/sites.ecclesia.pt\/cv\/wp-json\/wp\/v2\/types\/post"}],"author":[{"embeddable":true,"href":"https:\/\/sites.ecclesia.pt\/cv\/wp-json\/wp\/v2\/users\/1"}],"replies":[{"embeddable":true,"href":"https:\/\/sites.ecclesia.pt\/cv\/wp-json\/wp\/v2\/comments?post=5775"}],"version-history":[{"count":0,"href":"https:\/\/sites.ecclesia.pt\/cv\/wp-json\/wp\/v2\/posts\/5775\/revisions"}],"wp:attachment":[{"href":"https:\/\/sites.ecclesia.pt\/cv\/wp-json\/wp\/v2\/media?parent=5775"}],"wp:term":[{"taxonomy":"category","embeddable":true,"href":"https:\/\/sites.ecclesia.pt\/cv\/wp-json\/wp\/v2\/categories?post=5775"},{"taxonomy":"post_tag","embeddable":true,"href":"https:\/\/sites.ecclesia.pt\/cv\/wp-json\/wp\/v2\/tags?post=5775"}],"curies":[{"name":"wp","href":"https:\/\/api.w.org\/{rel}","templated":true}]}}