{"id":5776,"date":"2006-04-03T14:44:00","date_gmt":"2006-04-03T14:44:00","guid":{"rendered":"http:\/\/localhost:81\/wp1\/?p=5776"},"modified":"2006-04-03T14:44:00","modified_gmt":"2006-04-03T14:44:00","slug":"inscricoes-terminam-a-25-de-novembro","status":"publish","type":"post","link":"https:\/\/sites.ecclesia.pt\/cv\/inscricoes-terminam-a-25-de-novembro\/","title":{"rendered":"Inscri\u00e7\u00f5es terminam a 25 de Novembro"},"content":{"rendered":"<p>GRETUA promove curso de inicia\u00e7\u00e3o teatral <!--more--> Termina, no pr\u00f3ximo dia 25, o per\u00edodo de inscri\u00e7\u00f5es para o XIII Curso de Inicia\u00e7\u00e3o Teatral organizado pelo GRETUA \u2013 Grupo Experimental de Teatro da Universidade de Aveiro, as quais podem ser efectuadas por correio electr\u00f3nico (gretua@aauav.ua.pt), por telefone (962556007, 234372370) ou na secretaria da Associa\u00e7\u00e3o Acad\u00e9mica da Universidade de Aveiro.<\/p>\n<p>O curso, orientado pelo actor e encenador Rui S\u00e9rgio, fundador do GRETUA, decorre at\u00e9 Abril de 2006. S\u00e3o mais de cem horas de forma\u00e7\u00e3o, nas \u00e1reas da interpreta\u00e7\u00e3o e do trabalho de actor. Em paralelo, decorrer\u00e3o \u201cateliers\u201d sobre sonoplastia, montagem c\u00e9nica, luminotecnia e produ\u00e7\u00e3o teatral.  <\/p>\n","protected":false},"excerpt":{"rendered":"<p>GRETUA promove curso de inicia\u00e7\u00e3o teatral<\/p>\n","protected":false},"author":1,"featured_media":0,"comment_status":"open","ping_status":"open","sticky":false,"template":"","format":"standard","meta":{"footnotes":""},"categories":[63],"tags":[],"class_list":["post-5776","post","type-post","status-publish","format-standard","hentry","category-aveiro"],"_links":{"self":[{"href":"https:\/\/sites.ecclesia.pt\/cv\/wp-json\/wp\/v2\/posts\/5776","targetHints":{"allow":["GET"]}}],"collection":[{"href":"https:\/\/sites.ecclesia.pt\/cv\/wp-json\/wp\/v2\/posts"}],"about":[{"href":"https:\/\/sites.ecclesia.pt\/cv\/wp-json\/wp\/v2\/types\/post"}],"author":[{"embeddable":true,"href":"https:\/\/sites.ecclesia.pt\/cv\/wp-json\/wp\/v2\/users\/1"}],"replies":[{"embeddable":true,"href":"https:\/\/sites.ecclesia.pt\/cv\/wp-json\/wp\/v2\/comments?post=5776"}],"version-history":[{"count":0,"href":"https:\/\/sites.ecclesia.pt\/cv\/wp-json\/wp\/v2\/posts\/5776\/revisions"}],"wp:attachment":[{"href":"https:\/\/sites.ecclesia.pt\/cv\/wp-json\/wp\/v2\/media?parent=5776"}],"wp:term":[{"taxonomy":"category","embeddable":true,"href":"https:\/\/sites.ecclesia.pt\/cv\/wp-json\/wp\/v2\/categories?post=5776"},{"taxonomy":"post_tag","embeddable":true,"href":"https:\/\/sites.ecclesia.pt\/cv\/wp-json\/wp\/v2\/tags?post=5776"}],"curies":[{"name":"wp","href":"https:\/\/api.w.org\/{rel}","templated":true}]}}