{"id":5777,"date":"2006-04-03T14:44:00","date_gmt":"2006-04-03T14:44:00","guid":{"rendered":"http:\/\/localhost:81\/wp1\/?p=5777"},"modified":"2006-04-03T14:44:00","modified_gmt":"2006-04-03T14:44:00","slug":"desenvolvimento-sustentavel-em-debate","status":"publish","type":"post","link":"https:\/\/sites.ecclesia.pt\/cv\/desenvolvimento-sustentavel-em-debate\/","title":{"rendered":"&#8220;Desenvolvimento sustent\u00e1vel&#8221; em debate"},"content":{"rendered":"<p>No \u00e2mbito das comemora\u00e7\u00f5es do 20\u00ba anivers\u00e1rio da Quercus \u2013 Associa\u00e7\u00e3o Nacional de Conserva\u00e7\u00e3o da Natureza, o N\u00facleo Regional de Aveiro vai realizar, no dia 24 de Novembro, pelas 21 horas, no audit\u00f3rio do Departamento de Ambiente e Ordenamento da Universidade de Aveiro, um debate sobre desenvolvimento regional.<\/p>\n<p>No encontro, ser\u00e1 apresentado o document\u00e1rio intitulado \u201cFuturos antigos \u2013 aprendendo com o Ladakh\u201d, cuja vers\u00e3o portuguesa foi produzida em conjunto pelas associa\u00e7\u00f5es Animar, Quercus e Associa\u00e7\u00e3o Sul, em colabora\u00e7\u00e3o com a Universidade de Aveiro. A introdu\u00e7\u00e3o ao tema ser\u00e1 efectuada por Paulo Domingues, docente no Departamento de F\u00edsica da Universidade de Aveiro e colaborador da Quercus e um dos colaboradores da vers\u00e3o portuguesa do document\u00e1rio.<\/p>\n<p>Ap\u00f3s o visionamento daquele document\u00e1rio sobre o conflito actualmente em curso na regi\u00e3o tibetana de Ladakh, entre a harmonia ambiental e natural, que a regi\u00e3o viveu ao longo dos s\u00e9culos, e a chegada do \u201cdesenvolvimento\u201d, que p\u00f5e em causa o patrim\u00f3nio cultural e natural da regi\u00e3o, intervir\u00e3o Henrique Schwarz, relator do Parecer do Conselho Nacional de Ambiente e Desenvolvimento Sustent\u00e1vel no \u00e2mbito da ENDS, Rosa Pires, professor do Departamento de Ambiente e Ordenamento da Universidade de Aveiro, Paulo Domingues, entre outros. <\/p>\n","protected":false},"excerpt":{"rendered":"<p>No \u00e2mbito das comemora\u00e7\u00f5es do 20\u00ba anivers\u00e1rio da Quercus \u2013 Associa\u00e7\u00e3o Nacional de Conserva\u00e7\u00e3o da Natureza, o N\u00facleo Regional de Aveiro vai realizar, no dia 24 de Novembro, pelas 21 horas, no audit\u00f3rio do Departamento de Ambiente e Ordenamento da Universidade de Aveiro, um debate sobre desenvolvimento regional. No encontro, ser\u00e1 apresentado o document\u00e1rio intitulado [&hellip;]<\/p>\n","protected":false},"author":1,"featured_media":0,"comment_status":"open","ping_status":"open","sticky":false,"template":"","format":"standard","meta":{"footnotes":""},"categories":[63],"tags":[],"class_list":["post-5777","post","type-post","status-publish","format-standard","hentry","category-aveiro"],"_links":{"self":[{"href":"https:\/\/sites.ecclesia.pt\/cv\/wp-json\/wp\/v2\/posts\/5777","targetHints":{"allow":["GET"]}}],"collection":[{"href":"https:\/\/sites.ecclesia.pt\/cv\/wp-json\/wp\/v2\/posts"}],"about":[{"href":"https:\/\/sites.ecclesia.pt\/cv\/wp-json\/wp\/v2\/types\/post"}],"author":[{"embeddable":true,"href":"https:\/\/sites.ecclesia.pt\/cv\/wp-json\/wp\/v2\/users\/1"}],"replies":[{"embeddable":true,"href":"https:\/\/sites.ecclesia.pt\/cv\/wp-json\/wp\/v2\/comments?post=5777"}],"version-history":[{"count":0,"href":"https:\/\/sites.ecclesia.pt\/cv\/wp-json\/wp\/v2\/posts\/5777\/revisions"}],"wp:attachment":[{"href":"https:\/\/sites.ecclesia.pt\/cv\/wp-json\/wp\/v2\/media?parent=5777"}],"wp:term":[{"taxonomy":"category","embeddable":true,"href":"https:\/\/sites.ecclesia.pt\/cv\/wp-json\/wp\/v2\/categories?post=5777"},{"taxonomy":"post_tag","embeddable":true,"href":"https:\/\/sites.ecclesia.pt\/cv\/wp-json\/wp\/v2\/tags?post=5777"}],"curies":[{"name":"wp","href":"https:\/\/api.w.org\/{rel}","templated":true}]}}