{"id":58,"date":"2006-04-03T14:44:00","date_gmt":"2006-04-03T14:44:00","guid":{"rendered":"http:\/\/localhost:81\/wp1\/?p=58"},"modified":"2006-04-03T14:44:00","modified_gmt":"2006-04-03T14:44:00","slug":"medicamentos-genericos","status":"publish","type":"post","link":"https:\/\/sites.ecclesia.pt\/cv\/medicamentos-genericos\/","title":{"rendered":"Medicamentos gen\u00e9ricos"},"content":{"rendered":"<p>O Governo aprovou em Conselho de Ministros uma resolu\u00e7\u00e3o que prev\u00ea a passagem dos medicamentos-c\u00f3pia a medicamentos-gen\u00e9ricos. Esta decis\u00e3o, al\u00e9m de favorecer sob o ponto de vista econ\u00f3mico os utentes, sobretudo os de fracos recursos, vem ainda proporcionar ao Servi\u00e7o Nacional de Sa\u00fade uma poupan\u00e7a da ordem dos 7,5 milh\u00f5es de euros.<\/p>\n<p>Segundo o ministro da Sa\u00fade, esta altera\u00e7\u00e3o traduz-se numa redu\u00e7\u00e3o de cerca de 55 milh\u00f5es de euros para os utentes, uma vez que 500 medicamentos passam a gen\u00e9ricos, baixando, por isso, o seu pre\u00e7o.<\/p>\n","protected":false},"excerpt":{"rendered":"<p>O Governo aprovou em Conselho de Ministros uma resolu\u00e7\u00e3o que prev\u00ea a passagem dos medicamentos-c\u00f3pia a medicamentos-gen\u00e9ricos. Esta decis\u00e3o, al\u00e9m de favorecer sob o ponto de vista econ\u00f3mico os utentes, sobretudo os de fracos recursos, vem ainda proporcionar ao Servi\u00e7o Nacional de Sa\u00fade uma poupan\u00e7a da ordem dos 7,5 milh\u00f5es de euros. Segundo o ministro [&hellip;]<\/p>\n","protected":false},"author":1,"featured_media":0,"comment_status":"open","ping_status":"open","sticky":false,"template":"","format":"standard","meta":{"footnotes":""},"categories":[64],"tags":[],"class_list":["post-58","post","type-post","status-publish","format-standard","hentry","category-geral"],"_links":{"self":[{"href":"https:\/\/sites.ecclesia.pt\/cv\/wp-json\/wp\/v2\/posts\/58","targetHints":{"allow":["GET"]}}],"collection":[{"href":"https:\/\/sites.ecclesia.pt\/cv\/wp-json\/wp\/v2\/posts"}],"about":[{"href":"https:\/\/sites.ecclesia.pt\/cv\/wp-json\/wp\/v2\/types\/post"}],"author":[{"embeddable":true,"href":"https:\/\/sites.ecclesia.pt\/cv\/wp-json\/wp\/v2\/users\/1"}],"replies":[{"embeddable":true,"href":"https:\/\/sites.ecclesia.pt\/cv\/wp-json\/wp\/v2\/comments?post=58"}],"version-history":[{"count":0,"href":"https:\/\/sites.ecclesia.pt\/cv\/wp-json\/wp\/v2\/posts\/58\/revisions"}],"wp:attachment":[{"href":"https:\/\/sites.ecclesia.pt\/cv\/wp-json\/wp\/v2\/media?parent=58"}],"wp:term":[{"taxonomy":"category","embeddable":true,"href":"https:\/\/sites.ecclesia.pt\/cv\/wp-json\/wp\/v2\/categories?post=58"},{"taxonomy":"post_tag","embeddable":true,"href":"https:\/\/sites.ecclesia.pt\/cv\/wp-json\/wp\/v2\/tags?post=58"}],"curies":[{"name":"wp","href":"https:\/\/api.w.org\/{rel}","templated":true}]}}